{"id":50,"date":"2009-04-15T17:59:28","date_gmt":"2009-04-15T15:59:28","guid":{"rendered":"https:\/\/hpd-imotski.hr\/naslovnica\/2009\/04\/15\/biokovo-internacionale\/"},"modified":"2023-07-26T20:12:31","modified_gmt":"2023-07-26T18:12:31","slug":"biokovo-internacionale","status":"publish","type":"post","link":"https:\/\/hpd-imotski.hr\/naslovnica\/2009\/04\/15\/biokovo-internacionale\/","title":{"rendered":"Biokovo &#8211; internacionale"},"content":{"rendered":"<p style=\"padding-left: 0px;\" align=\"justify\"><span style=\"color: #000000;\"><img loading=\"lazy\" decoding=\"async\" class=\" alignleft size-full wp-image-49\" style=\"float: left;\" src=\"https:\/\/hpd-imotski.hr\/naslovnica\/wp-content\/uploads\/2009\/04\/Fotkice00001-62a.jpg\" alt=\"Fotkice00001\" width=\"273\" height=\"211\">Dok mu se pribli\u017eavamo, gledam ga onako silnog i mo\u0107nog, uzdignutog iznad svih uokolo, izabranog od Bogova da svjedo\u010di Tvorca za one koji imaju o\u010di da vide. Gotovo uvijek pri susretu sa njim zatitra u dubinama du\u0161e, uz bljesak slutnje o svijetu apsolutne ljepote. <\/span><\/p>\n<p><!--more--><\/p>\n<p align=\"justify\"><span style=\"color: #000000;\">Biokovo&#8230;! Brda i vrhunci oko njega tek su valovi zemlje uzburkani igrom ovog diva. Gledam ga sa divljenjem, dok vijugamo zmijolikom cestom prema Zagvozdu, a zatim nedaleko prema istoku do zaseoka Brzice. Odmaknuti od ceste, sa tek nekoliko kamenih ku\u0107ica koje umiru polako i dostojanstveno uz svoju planinu, od \u010dijeg kamena postado\u0161e, zajedno sa star\u010dadi koja nije \u017eeljela u gradske krletke, kamo nestade mla\u0111arija. Poku\u0161avahu sinovi da ih dosele, da im poka\u017eu kako su uspjeli u \u017eivotu, ali korijenje koje pusti\u0161e u kamenu bi ja\u010de i oni se vrati\u0161e zovu Biokovskom. Dica stoga do\u0111u vikendom oba\u0107i roditelje i obnoviti uspomene na pro\u0161lost i \u017eivot naporan ali sretan. Napora je sada manje, ali sre\u0107e&#8230;!?&nbsp;&nbsp;&nbsp;&nbsp;&nbsp;&nbsp;&nbsp;&nbsp;&nbsp;&nbsp;&nbsp;&nbsp;&nbsp;&nbsp;<br \/>\nObla\u010dno je ovo nedjeljno jesensko jutro. Lave\u017e pasa, pokoji meket iz pojata i zvuk te\u0107a i bronzina \u0161to se preturaju u pripremi objeda koji slijede, prekidaju ti\u0161inu koja se prostire uokolo. Povjetarac \u0161to povremeno sklizne niz planinu i za\u0161u\u0161ka kro\u0161njama, zove nas gore, k sebi, da nam odzvi\u017edi svoje melodije.<br \/>\n-E heej&#8230;! &#8211; oglasi se Jozo Brzica, stasita ljudina pedesetih godina; jedan od onih \u0161to se poda stare dane vrate na komine od kojih davno pobjego\u0161e.<br \/>\n&#8211; Ajte popijte \u0161togod &#8211; hita ka nama prepoznaju\u0107i nas; da malo proljudikamo i tako barem zakratko prikrati dosadu i\u0161\u010dekivanja dok se podignu vikenda\u0161i sa kojima valja ugovoriti popodnevne bu\u0107e, ili bri\u0161kulu i tre\u0161et.<br \/>\n&#8211; Fala, nismo ti jutros od toga.<br \/>\n&#8211; Ma ajte, ima lipa vina, rakije, suvi smokava&#8230; &#8211; navaljuje Jozo dalje.<br \/>\n&#8211; O\u0107u li narizat \u0161togod&#8230; pe\u010denice, lipa pr\u0161uta&#8230;?!&nbsp; &#8211; izbacuje posljednje adute, \u010dude\u0107i se i \u017ealoste\u0107i se pomalo \u0161to odbijamo takvu &#8220;lipotu&#8221; zarad mukotrpna pje\u0161a\u010denja. U njegovo vrijeme u brdo se i\u0161lo iz &#8220;potribe a ne od bisa&#8221;.<br \/>\n&#8211; Ma pusti, sino\u0107 se ar\u010dilo priko na\u010dina pa i\u0111emo malo na zrak &#8211; pravdamo se diplomatski da ne obezvrijedimo ponu\u0111ene darove.<br \/>\n&#8211; A dokle \u0107ete danas?&nbsp;&nbsp;<br \/>\n&#8211; Nismo ti od velika odanja. Vrime je \u0161aravito, pa \u0107emo iza\u0107 samo do Kaoca ako se bude dalo &#8211; obznanjujemo na\u0161 cilj, kume\u0107i prstom ka malom platou, kojim dominira omalena kamena lugarnica izgra\u0111ena jo\u0161 za \u201estare Austrije&#8221;.<br \/>\nKako se pri\u010da, bija\u0161e u igri kao mogu\u0107e lje\u010dili\u0161te tuberkuloze za princa Ferdinanda, a skon\u010da neslavno nakon jedne oluje, koja popla\u0161i ne\u010dijeg vola koji bi ostavljen na ispa\u0161i i u\u0111e unutra kroz nemarno pritvorena vrata, te se na\u0111e na stepenicama koje vode na kat. Stepenice se uru\u0161i\u0161e pod njegovom te\u017einom \u0161to jadnu \u017eivotinju izbezumi, te u\u010dini takvu \u0161tetu za trodnevna &#8220;tamnovanja&#8221; da nije bilo vi\u0161e volje da se obnovi. Uskoro led u\u010dini svoje, te napuko\u0161e i vanjski zidovi, a lugarnica osta kao meta gromova Svetog Ilije sa istoimenog obli\u017enjeg vrha.<br \/>\nOstavljamo Jozu da vreba drugu \u201e\u017ertvu&#8221;; mo\u017eda kakva oka\u0161njela lovca (sad je sezona) \u0161to \u201ei\u0111e samo malo proodat&#8221;, jer takvi u principu nisu protiv \u010da\u0161ice rakije i zeru \u0107akula, a mi se upu\u0107ujemo stazom napravljenom i podazi\u0111ivanom le\u0111ima na\u0161ih, ljudi koji bi u doba carevine bili uhva\u0107eni u krivolovu ili nedozvoljenoj sje\u010di te bi ih se kaznilo sa dan ili dva rada, ovisno o po\u010dinjenoj \u0161teti.<br \/>\nDanas se o stazi brinu lovci; tuda iznose na magaradi ili konjima sve \u0161to im je potrebno za lova\u010dku ku\u0107icu sagra\u0111enu nedaleko lugarnice.<br \/>\nDok zami\u010demo na stazi, a svakodnevni \u017eivot ostaje dolje u dubini, po\u010dinju za mene radosni trenuci mira i ti\u0161ine koji ispunjavaju prirodu uokolo. Osje\u0107am uvijek ushit kada se na\u0111em suo\u010den sa \u010distom, jednostavnom, nepatvorenom prirodom. To su trenuci transa i utonu\u0107a u vje\u010dno&nbsp; sada. Kroz guste velove materije i racionalne svijesti probijaju se zrake beskrajne mudrosti nesvjesnog i intuicije. Slutnja o smislu i svrsi svega prisutnija je tu nego u \u010dasovima svakodnevnice. Utihnemo li na\u010das zvona na\u0161eg velikog JA, priroda \u0107e nam pri\u010dati o tajni \u017eivota: kroz \u0161um vjetra, \u017eubor potoka, huk slapa, kliktaj orla, svje\u017einu jutra, iznikli cvijet prolje\u0107a &#8211; beskona\u010dno kao \u0161to je i ona sama.<br \/>\nDanas ne\u0107e biti ni\u0161ta od moje hodaju\u0107e meditacije jer je sa nama Bari\u0161a. Puna ga je planina, a jeka okolnih brda \u0161to se igraju njegovim glasom \u010dini ga bu\u010dnijim. Ne ide \u010desto &#8211; samo kada prekarda\u0161i sa cigaretama eto ti ga k nama s obaveznim : \u201eO\u0107emo li momci sutra&#8230;? Ajmo malo proodat! Ne\u0161to ste se ulinili&#8221;, kao da je on taj koji stalno hoda u planinu a ne mi. Malo uspije vidjeti od planine i okusiti njenih \u010dari jer mu gotovo cijeli put pro\u0111e u pri\u010danju &#8211; naj\u010de\u0161\u0107e monologu.<br \/>\nBezbrojne su zgode u kojima je on glavni lik ili barem sudionik, pa pri\u010da neprestano te\u010de. Zadivljuje njegova energija dok sa rusakom na le\u0111ima mijenja uloge koje tuma\u010di, u\u017eivljuju\u0107i se u njih glasom i pokretom. On se zaista ispu\u0161e u planini.<br \/>\nLugarnicu smo ugledali nesvjesni puta kojeg smo pro\u0161li, zaneseni Bari\u0161inim zgodama. Lave\u017e \u0161to se za\u010du iz pravca lova\u010dke ku\u0107ice, nedaleko odatle, ispuni nas radoznalo\u0161\u0107u, te se uputismo ka njoj.<br \/>\n&#8211; Valjda \u0107e kogod imati cigaru &#8211; re\u010de Bari\u0161a, obznanjuju\u0107i tako da je i ovaj put pobije\u0111en i da od ostavljanja &#8220;duvana&#8221; nema ni\u0161ta.&nbsp;&nbsp;&nbsp;<br \/>\n&#8211; Valjala bi sad jedna&#8230; &#8211; doda imenjak kojeg mu\u010de sli\u010dne muke.<br \/>\n&#8211; Psi nas \u201esve\u010dano&#8221; najavi\u0161e kada se kroz nekoliko minuta na\u0111osmo na pogled ku\u0107ice, pred kojom se odmara skupina od pet &#8211; \u0161est ljudi.<br \/>\n&#8211; Ma koji su tebe vrazi natrali u Bijakovu moj Bari\u0161a &#8211; oglasi se postariji \u010dovjek iz grupice.<br \/>\n&#8211; E&#8230; di si Iva\u0107u, ljudino moja&#8230; &#8211; uzvrati Bari\u0161a, iznena\u0111en malo \u0161to sre\u0107e poznanika ali se brzo pribra pa nastavi:<br \/>\n&#8211; A evo iza\u0161ao san malo sa mojin prijateljin, planinarima &#8211; re\u010de pokazuju\u0107i na nas. Gledali su u nas kao u neku rijetku divlja\u010d, jer ni njima nije i\u0161lo u glavu da bi se nekome dalo iz \u010dista mira &#8220;odat po Bijakovi&#8221;. Upoznajemo ostale, me\u0111u kojima bijahu dva Talijana iz Milana, koji su ovdje sa vodi\u010dem u lovu na divokoze. Iva\u0107 i ostali su doma\u0107ini; zadu\u017eeni da iznesu stvari do ku\u0107ice, naganjaju divokoze i brinu se da gostima ne bi &#8220;valilo ni ti\u010dijega mlika&#8221;.<br \/>\n&#8211; Milano&#8230;! Zvone Boban! Grande fuzbalero! Kroacija &#8211; sasu Bari\u0161a rafalno, sna\u017eno se rukuju\u0107i.<br \/>\n&#8211; Si, si&#8230; &#8211; odgovaraju Talijani smje\u0161kaju\u0107i se.<br \/>\n&#8211; Jesu li manili i\u0161ta? &#8211; pita Bari\u0161a ne prekidaju\u0107i jo\u0161 rukovanje.<br \/>\n&#8211; \u00d0avla \u0107e oni crnoga manit &#8211; komentira Iva\u0107 njihovu lova\u010dku vje\u0161tinu.<br \/>\nBari\u0161a na\u010dini zatim prstima znak rogova, te ih stavi iznad \u010dela imitiraju\u0107i tako divlja\u010d:&nbsp;&nbsp;&nbsp;&nbsp;&nbsp;&nbsp;&nbsp;<br \/>\n&#8211; Niks, aa&#8230;?! &#8211;&nbsp; ubaci malo njema\u010dkoga (\u201ema to su svitski ljudi&#8221; )<br \/>\n&#8211; Niks&#8230; &#8211; odgovore, tra\u017ee\u0107i o\u010dima vodi\u010da.<br \/>\nOvaj stade obja\u0161njavati pokazuju\u0107i na nas, na\u0161to se Talijani zainteresira\u0161e. Kada jo\u0161 Vlaj\u010di\u0107 ubaci na\u0161 stalni adut da \u201eimamo \u010dovika \u0161to je zadio prvi rvacki barjak na Mont Blanc, najvi\u0161i vrh Evrope&#8221;, pokazuju\u0107i na Jo\u0161ka, zainteresira\u0161e se i Iva\u0107 i dru\u0161tvo. Talijani su planinarili u mladosti, pa se zapodijeva planinarsko nadja\u010davanje &#8211; tko je gdje bio.<br \/>\nDok se ni\u017eu nazivi mjesta iz planinarskih po\u010detnica, primje\u0107ujem kako nas sada dru\u0161tvo pred ku\u0107icom gleda sa uva\u017eavanjem, jer eto, i to odanje nije bez veze. Razgovor se rasplamsavao, ali na\u017ealost, ve\u0107 je vrijeme da lovci po\u0111u, budu\u0107i da moraju sti\u0107i na trajekt.<br \/>\nOstajemo jo\u0161; vrijeme je malo ljep\u0161e i ne\u0107e biti ki\u0161e. Bari\u0161a je iskoristio time &#8211; out dok se pri\u010dalo o alpinizmu da &#8220;jednu zapali&#8221; u\u017eivaju\u0107i i u cigareti, i u muci, koja se o\u010ditavala na licu imenjaka dok je vodio boj sa sobom &#8211; zapaliti ili ne.<br \/>\nNapuniv\u0161i &#8220;svoje baterije&#8221; Bari\u0161a se ponovo &#8220;baci&#8221; na nas:<br \/>\n&#8211; Vako san ti ja nike godine, brajo moj&#8230;<\/span><\/p>\n<p><strong><span style=\"color: #000000;\">Ivica Marijanovi\u0107<br \/>\n<\/span><\/strong><\/p>\n","protected":false},"excerpt":{"rendered":"<p>Dok mu se pribli\u017eavamo, gledam ga onako silnog i mo\u0107nog, uzdignutog iznad svih uokolo, izabranog od Bogova da svjedo\u010di Tvorca za one koji imaju o\u010di da vide. Gotovo uvijek pri susretu sa njim zatitra u dubinama du\u0161e, uz bljesak slutnje o svijetu apsolutne ljepote.<\/p>\n","protected":false},"author":2,"featured_media":0,"comment_status":"open","ping_status":"open","sticky":false,"template":"","format":"standard","meta":{"ngg_post_thumbnail":0,"footnotes":""},"categories":[6],"tags":[23,18,19],"class_list":["post-50","post","type-post","status-publish","format-standard","hentry","category-zapisi","tag-biokovo-internacionale","tag-vijesti","tag-zapisi"],"blocksy_meta":[],"_links":{"self":[{"href":"https:\/\/hpd-imotski.hr\/naslovnica\/wp-json\/wp\/v2\/posts\/50","targetHints":{"allow":["GET"]}}],"collection":[{"href":"https:\/\/hpd-imotski.hr\/naslovnica\/wp-json\/wp\/v2\/posts"}],"about":[{"href":"https:\/\/hpd-imotski.hr\/naslovnica\/wp-json\/wp\/v2\/types\/post"}],"author":[{"embeddable":true,"href":"https:\/\/hpd-imotski.hr\/naslovnica\/wp-json\/wp\/v2\/users\/2"}],"replies":[{"embeddable":true,"href":"https:\/\/hpd-imotski.hr\/naslovnica\/wp-json\/wp\/v2\/comments?post=50"}],"version-history":[{"count":1,"href":"https:\/\/hpd-imotski.hr\/naslovnica\/wp-json\/wp\/v2\/posts\/50\/revisions"}],"predecessor-version":[{"id":29218,"href":"https:\/\/hpd-imotski.hr\/naslovnica\/wp-json\/wp\/v2\/posts\/50\/revisions\/29218"}],"wp:attachment":[{"href":"https:\/\/hpd-imotski.hr\/naslovnica\/wp-json\/wp\/v2\/media?parent=50"}],"wp:term":[{"taxonomy":"category","embeddable":true,"href":"https:\/\/hpd-imotski.hr\/naslovnica\/wp-json\/wp\/v2\/categories?post=50"},{"taxonomy":"post_tag","embeddable":true,"href":"https:\/\/hpd-imotski.hr\/naslovnica\/wp-json\/wp\/v2\/tags?post=50"}],"curies":[{"name":"wp","href":"https:\/\/api.w.org\/{rel}","templated":true}]}}