{"id":30983,"date":"2025-04-02T16:40:22","date_gmt":"2025-04-02T14:40:22","guid":{"rendered":"https:\/\/hpd-imotski.hr\/naslovnica\/?p=30983"},"modified":"2026-04-28T14:56:16","modified_gmt":"2026-04-28T12:56:16","slug":"nasa-ferata","status":"publish","type":"post","link":"https:\/\/hpd-imotski.hr\/naslovnica\/2025\/04\/02\/nasa-ferata\/","title":{"rendered":"Na\u0161a ferata &#8220;Imotica Ri\u010dice&#8221;"},"content":{"rendered":"\n<p>Imotski planinari ponovno su pokazali svoju poduzetnost i planinarski zakora\u010dili u visine velikog projekta \u2013 izgradnju ferate koja je dobila simboli\u010dno ime <strong>\u201eImotica Ri\u010dice\u201c.<\/strong> Ferata u nazivu otkriva i lokalpatriotizam i lokaciju; strma stijena nalazi se na pogled Zelenog jezera u Ri\u010dicama u op\u0107ini Prolo\u017eac i ve\u0107 na prvu, obe\u0107ava sjajan do\u017eivljaj.<\/p>\n\n\n\n<figure class=\"wp-block-image size-full\"><img loading=\"lazy\" decoding=\"async\" width=\"799\" height=\"600\" src=\"https:\/\/hpd-imotski.hr\/naslovnica\/wp-content\/uploads\/2025\/04\/Tabla2.jpg\" alt=\"\" class=\"wp-image-31009\" srcset=\"https:\/\/hpd-imotski.hr\/naslovnica\/wp-content\/uploads\/2025\/04\/Tabla2.jpg 799w, https:\/\/hpd-imotski.hr\/naslovnica\/wp-content\/uploads\/2025\/04\/Tabla2-768x577.jpg 768w\" sizes=\"auto, (max-width: 799px) 100vw, 799px\" \/><\/figure>\n\n\n\n<p>Nekoliko dugih mjeseci, \u010dlanovi upravnog odbora HPD-a \u201eImotski\u201c uz pomo\u0107 ostalih \u010dlanova Dru\u0161tva te financijsku potporu TZ Imota, gotovo svakodnevno su radili na realizaciji projekta. Rezultat je, sude\u0107i po dojmovima onih koji su je isprobali, atraktivna ferata te\u017eine C\/D za koju \u0107e prosje\u010dnom penja\u010du trebati ne\u0161to manje od sat vremena upornosti kako bi je savladao.<\/p>\n\n\n\n<figure class=\"wp-block-image aligncenter size-full\"><img loading=\"lazy\" decoding=\"async\" width=\"823\" height=\"473\" src=\"https:\/\/hpd-imotski.hr\/naslovnica\/wp-content\/uploads\/2025\/04\/f1.jpg\" alt=\"\" class=\"wp-image-30984\" srcset=\"https:\/\/hpd-imotski.hr\/naslovnica\/wp-content\/uploads\/2025\/04\/f1.jpg 823w, https:\/\/hpd-imotski.hr\/naslovnica\/wp-content\/uploads\/2025\/04\/f1-768x441.jpg 768w\" sizes=\"auto, (max-width: 823px) 100vw, 823px\" \/><\/figure>\n\n\n\n<figure class=\"wp-block-image size-full\"><img loading=\"lazy\" decoding=\"async\" width=\"823\" height=\"473\" src=\"https:\/\/hpd-imotski.hr\/naslovnica\/wp-content\/uploads\/2025\/04\/f19.jpg\" alt=\"\" class=\"wp-image-31007\" srcset=\"https:\/\/hpd-imotski.hr\/naslovnica\/wp-content\/uploads\/2025\/04\/f19.jpg 823w, https:\/\/hpd-imotski.hr\/naslovnica\/wp-content\/uploads\/2025\/04\/f19-768x441.jpg 768w\" sizes=\"auto, (max-width: 823px) 100vw, 823px\" \/><\/figure>\n\n\n\n<figure class=\"wp-block-image size-full\"><img loading=\"lazy\" decoding=\"async\" width=\"823\" height=\"473\" src=\"https:\/\/hpd-imotski.hr\/naslovnica\/wp-content\/uploads\/2025\/04\/f2.jpg\" alt=\"\" class=\"wp-image-30985\" srcset=\"https:\/\/hpd-imotski.hr\/naslovnica\/wp-content\/uploads\/2025\/04\/f2.jpg 823w, https:\/\/hpd-imotski.hr\/naslovnica\/wp-content\/uploads\/2025\/04\/f2-768x441.jpg 768w\" sizes=\"auto, (max-width: 823px) 100vw, 823px\" \/><\/figure>\n\n\n\n<p>Du\u017eine 285, a visinske razlike 160 metara, ne svrstava se u najzahtjevnije no \u0161armom svakako dr\u017ei svoju poziciju. Osim prekrasne lokacije, Ferata Imotica na neki na\u010din upotpunjuje i kru\u017eni planinarski put kroz kanjon Badnjevice kojeg tako\u0111er izgradilo i odr\u017eava imotsko planinarsko dru\u0161tvo. Od parkinga na brani Ri\u010dice, do po\u010detka ferate, pro\u0161etat \u0107ete petnaestak minuta, a nakon izlaza, do glavne ceste kroz pola sata laganog hoda i pitomu stazicu, vodit \u0107e vas planinarske markacije. U sklopu ferate od sajle je napravljen most du\u017eine desetak metara \u0161to poja\u010dava adrenalinski \u0161tih, a kako bi neometano mogli u\u017eivati u pogledu na Zeleno jezero, postavljena je i klupica na prekrasnom vidikovcu neposredno prije samog izlaza.<\/p>\n\n\n\n<figure class=\"wp-block-image size-full\"><img loading=\"lazy\" decoding=\"async\" width=\"823\" height=\"473\" src=\"https:\/\/hpd-imotski.hr\/naslovnica\/wp-content\/uploads\/2025\/04\/f3.jpg\" alt=\"\" class=\"wp-image-30988\" srcset=\"https:\/\/hpd-imotski.hr\/naslovnica\/wp-content\/uploads\/2025\/04\/f3.jpg 823w, https:\/\/hpd-imotski.hr\/naslovnica\/wp-content\/uploads\/2025\/04\/f3-768x441.jpg 768w\" sizes=\"auto, (max-width: 823px) 100vw, 823px\" \/><\/figure>\n\n\n\n<figure class=\"wp-block-image size-full\"><img loading=\"lazy\" decoding=\"async\" width=\"823\" height=\"473\" src=\"https:\/\/hpd-imotski.hr\/naslovnica\/wp-content\/uploads\/2025\/04\/f4.jpg\" alt=\"\" class=\"wp-image-30989\" srcset=\"https:\/\/hpd-imotski.hr\/naslovnica\/wp-content\/uploads\/2025\/04\/f4.jpg 823w, https:\/\/hpd-imotski.hr\/naslovnica\/wp-content\/uploads\/2025\/04\/f4-768x441.jpg 768w\" sizes=\"auto, (max-width: 823px) 100vw, 823px\" \/><\/figure>\n\n\n\n<p>Zahvaljuju\u0107i doma\u0107inima iz Ri\u010dica i njihovoj nov\u010danoj donaciji, iz Italije je dopremljen i kip sv. Bernarda, za\u0161titnika alpinista koji \u0107e budno paziti na sve slu\u010dajne i namjerne penja\u010de. Tabla sa svim potrebnim informacijama postavljena je na samoj Brani, a doma\u0107ini, izrazito ponosni na samostalno osmi\u0161ljavanje i dovr\u0161etak ferate, uvijek su na raspolaganju za dodatne savjete. Uz obvezno kori\u0161tenje potrebne opreme koja je va\u017ena za sigurnost, \u010dlanovi HPD-a \u201eImotski\u201c nisu \u0161tedjeli na materijalu i kvaliteti izrade; svaki detalj je pomno isplaniran i vi\u0161estruko promi\u0161ljen. Glavni \u201emozak operacije\u201c bio je na\u0161 Mijo Juki\u0107 uz svakodnevnu pomo\u0107 predsjednika Branimira Mikuli\u0107a i Zorana Lelasa. Po potrebi su im se pridru\u017eivali i ostali \u010dlanovi Dru\u0161tva, a nagrada, koju svakodnevno HPD \u201eImotski\u201c dobiva, odli\u010dne su recenzije i zadovoljni penja\u010di koji bez zadr\u0161ke i bez daha dok gledaju Ri\u010dice i jezero s \u201eImotice\u201c ka\u017eu: \u201eImo\u0107ani, svaka vam \u010dast!\u201c<\/p>\n\n\n\n<figure class=\"wp-block-image size-full\"><img loading=\"lazy\" decoding=\"async\" width=\"823\" height=\"473\" src=\"https:\/\/hpd-imotski.hr\/naslovnica\/wp-content\/uploads\/2025\/04\/f6.jpg\" alt=\"\" class=\"wp-image-30990\" srcset=\"https:\/\/hpd-imotski.hr\/naslovnica\/wp-content\/uploads\/2025\/04\/f6.jpg 823w, https:\/\/hpd-imotski.hr\/naslovnica\/wp-content\/uploads\/2025\/04\/f6-768x441.jpg 768w\" sizes=\"auto, (max-width: 823px) 100vw, 823px\" \/><\/figure>\n\n\n\n<figure class=\"wp-block-image aligncenter size-full\"><img loading=\"lazy\" decoding=\"async\" width=\"361\" height=\"623\" src=\"https:\/\/hpd-imotski.hr\/naslovnica\/wp-content\/uploads\/2025\/04\/f18.jpg\" alt=\"\" class=\"wp-image-31004\"\/><\/figure>\n\n\n\n<figure class=\"wp-block-image size-full\"><img loading=\"lazy\" decoding=\"async\" width=\"823\" height=\"473\" src=\"https:\/\/hpd-imotski.hr\/naslovnica\/wp-content\/uploads\/2025\/04\/f7.jpg\" alt=\"\" class=\"wp-image-30991\" srcset=\"https:\/\/hpd-imotski.hr\/naslovnica\/wp-content\/uploads\/2025\/04\/f7.jpg 823w, https:\/\/hpd-imotski.hr\/naslovnica\/wp-content\/uploads\/2025\/04\/f7-768x441.jpg 768w\" sizes=\"auto, (max-width: 823px) 100vw, 823px\" \/><\/figure>\n\n\n\n<figure class=\"wp-block-image size-full\"><img loading=\"lazy\" decoding=\"async\" width=\"823\" height=\"473\" src=\"https:\/\/hpd-imotski.hr\/naslovnica\/wp-content\/uploads\/2025\/04\/f5.jpg\" alt=\"\" class=\"wp-image-30992\" srcset=\"https:\/\/hpd-imotski.hr\/naslovnica\/wp-content\/uploads\/2025\/04\/f5.jpg 823w, https:\/\/hpd-imotski.hr\/naslovnica\/wp-content\/uploads\/2025\/04\/f5-768x441.jpg 768w\" sizes=\"auto, (max-width: 823px) 100vw, 823px\" \/><\/figure>\n\n\n\n<figure class=\"wp-block-image size-full\"><img loading=\"lazy\" decoding=\"async\" width=\"823\" height=\"473\" src=\"https:\/\/hpd-imotski.hr\/naslovnica\/wp-content\/uploads\/2025\/04\/f8.jpg\" alt=\"\" class=\"wp-image-30993\" srcset=\"https:\/\/hpd-imotski.hr\/naslovnica\/wp-content\/uploads\/2025\/04\/f8.jpg 823w, https:\/\/hpd-imotski.hr\/naslovnica\/wp-content\/uploads\/2025\/04\/f8-768x441.jpg 768w\" sizes=\"auto, (max-width: 823px) 100vw, 823px\" \/><\/figure>\n\n\n\n<figure class=\"wp-block-image size-full\"><img loading=\"lazy\" decoding=\"async\" width=\"823\" height=\"473\" src=\"https:\/\/hpd-imotski.hr\/naslovnica\/wp-content\/uploads\/2025\/04\/f9.jpg\" alt=\"\" class=\"wp-image-30994\" srcset=\"https:\/\/hpd-imotski.hr\/naslovnica\/wp-content\/uploads\/2025\/04\/f9.jpg 823w, https:\/\/hpd-imotski.hr\/naslovnica\/wp-content\/uploads\/2025\/04\/f9-768x441.jpg 768w\" sizes=\"auto, (max-width: 823px) 100vw, 823px\" \/><\/figure>\n\n\n\n<figure class=\"wp-block-image size-full\"><img loading=\"lazy\" decoding=\"async\" width=\"823\" height=\"473\" src=\"https:\/\/hpd-imotski.hr\/naslovnica\/wp-content\/uploads\/2025\/04\/f10.jpg\" alt=\"\" class=\"wp-image-30995\" srcset=\"https:\/\/hpd-imotski.hr\/naslovnica\/wp-content\/uploads\/2025\/04\/f10.jpg 823w, https:\/\/hpd-imotski.hr\/naslovnica\/wp-content\/uploads\/2025\/04\/f10-768x441.jpg 768w\" sizes=\"auto, (max-width: 823px) 100vw, 823px\" \/><\/figure>\n\n\n\n<figure class=\"wp-block-image size-full\"><img loading=\"lazy\" decoding=\"async\" width=\"823\" height=\"473\" src=\"https:\/\/hpd-imotski.hr\/naslovnica\/wp-content\/uploads\/2025\/04\/f11.jpg\" alt=\"\" class=\"wp-image-30996\" srcset=\"https:\/\/hpd-imotski.hr\/naslovnica\/wp-content\/uploads\/2025\/04\/f11.jpg 823w, https:\/\/hpd-imotski.hr\/naslovnica\/wp-content\/uploads\/2025\/04\/f11-768x441.jpg 768w\" sizes=\"auto, (max-width: 823px) 100vw, 823px\" \/><\/figure>\n\n\n\n<figure class=\"wp-block-image size-full\"><img loading=\"lazy\" decoding=\"async\" width=\"823\" height=\"473\" src=\"https:\/\/hpd-imotski.hr\/naslovnica\/wp-content\/uploads\/2025\/04\/f12.jpg\" alt=\"\" class=\"wp-image-30997\" srcset=\"https:\/\/hpd-imotski.hr\/naslovnica\/wp-content\/uploads\/2025\/04\/f12.jpg 823w, https:\/\/hpd-imotski.hr\/naslovnica\/wp-content\/uploads\/2025\/04\/f12-768x441.jpg 768w\" sizes=\"auto, (max-width: 823px) 100vw, 823px\" \/><\/figure>\n\n\n\n<figure class=\"wp-block-image size-full\"><img loading=\"lazy\" decoding=\"async\" width=\"823\" height=\"473\" src=\"https:\/\/hpd-imotski.hr\/naslovnica\/wp-content\/uploads\/2025\/04\/f13-1.jpg\" alt=\"\" class=\"wp-image-31001\" srcset=\"https:\/\/hpd-imotski.hr\/naslovnica\/wp-content\/uploads\/2025\/04\/f13-1.jpg 823w, https:\/\/hpd-imotski.hr\/naslovnica\/wp-content\/uploads\/2025\/04\/f13-1-768x441.jpg 768w\" sizes=\"auto, (max-width: 823px) 100vw, 823px\" \/><\/figure>\n\n\n\n<figure class=\"wp-block-image size-full\"><img loading=\"lazy\" decoding=\"async\" width=\"823\" height=\"504\" src=\"https:\/\/hpd-imotski.hr\/naslovnica\/wp-content\/uploads\/2025\/04\/Zvono.jpg\" alt=\"\" class=\"wp-image-31094\" srcset=\"https:\/\/hpd-imotski.hr\/naslovnica\/wp-content\/uploads\/2025\/04\/Zvono.jpg 823w, https:\/\/hpd-imotski.hr\/naslovnica\/wp-content\/uploads\/2025\/04\/Zvono-768x470.jpg 768w\" sizes=\"auto, (max-width: 823px) 100vw, 823px\" \/><\/figure>\n\n\n\n<figure class=\"wp-block-image size-full\"><img loading=\"lazy\" decoding=\"async\" width=\"823\" height=\"517\" src=\"https:\/\/hpd-imotski.hr\/naslovnica\/wp-content\/uploads\/2025\/04\/Bernard.jpg\" alt=\"\" class=\"wp-image-31095\" srcset=\"https:\/\/hpd-imotski.hr\/naslovnica\/wp-content\/uploads\/2025\/04\/Bernard.jpg 823w, https:\/\/hpd-imotski.hr\/naslovnica\/wp-content\/uploads\/2025\/04\/Bernard-768x482.jpg 768w\" sizes=\"auto, (max-width: 823px) 100vw, 823px\" \/><\/figure>\n\n\n\n<figure class=\"wp-block-image aligncenter size-full\"><img loading=\"lazy\" decoding=\"async\" width=\"450\" height=\"623\" src=\"https:\/\/hpd-imotski.hr\/naslovnica\/wp-content\/uploads\/2025\/04\/Tub.jpg\" alt=\"\" class=\"wp-image-31096\"\/><\/figure>\n\n\n\n<figure class=\"wp-block-image size-full\"><img loading=\"lazy\" decoding=\"async\" width=\"823\" height=\"473\" src=\"https:\/\/hpd-imotski.hr\/naslovnica\/wp-content\/uploads\/2025\/04\/f14.jpg\" alt=\"\" class=\"wp-image-30998\" srcset=\"https:\/\/hpd-imotski.hr\/naslovnica\/wp-content\/uploads\/2025\/04\/f14.jpg 823w, https:\/\/hpd-imotski.hr\/naslovnica\/wp-content\/uploads\/2025\/04\/f14-768x441.jpg 768w\" sizes=\"auto, (max-width: 823px) 100vw, 823px\" \/><\/figure>\n\n\n\n<figure class=\"wp-block-image size-full\"><img loading=\"lazy\" decoding=\"async\" width=\"823\" height=\"473\" src=\"https:\/\/hpd-imotski.hr\/naslovnica\/wp-content\/uploads\/2025\/04\/f17.jpg\" alt=\"\" class=\"wp-image-31005\" srcset=\"https:\/\/hpd-imotski.hr\/naslovnica\/wp-content\/uploads\/2025\/04\/f17.jpg 823w, https:\/\/hpd-imotski.hr\/naslovnica\/wp-content\/uploads\/2025\/04\/f17-768x441.jpg 768w\" sizes=\"auto, (max-width: 823px) 100vw, 823px\" \/><\/figure>\n","protected":false},"excerpt":{"rendered":"<p>Imotski planinari ponovno su pokazali svoju poduzetnost i planinarski zakora\u010dili u visine velikog projekta \u2013 izgradnju ferate koja je dobila simboli\u010dno ime \u201eImotica Ri\u010dice\u201c. Ferata u nazivu otkriva i lokalpatriotizam i lokaciju; strma stijena nalazi se na pogled Zelenog jezera u Ri\u010dicama u op\u0107ini Prolo\u017eac i ve\u0107 na prvu, obe\u0107ava sjajan do\u017eivljaj. Nekoliko dugih mjeseci, [&hellip;]<\/p>\n","protected":false},"author":3,"featured_media":30995,"comment_status":"open","ping_status":"open","sticky":false,"template":"","format":"standard","meta":{"ngg_post_thumbnail":0,"footnotes":""},"categories":[13],"tags":[],"class_list":["post-30983","post","type-post","status-publish","format-standard","has-post-thumbnail","hentry","category-dogaanja"],"blocksy_meta":[],"_links":{"self":[{"href":"https:\/\/hpd-imotski.hr\/naslovnica\/wp-json\/wp\/v2\/posts\/30983","targetHints":{"allow":["GET"]}}],"collection":[{"href":"https:\/\/hpd-imotski.hr\/naslovnica\/wp-json\/wp\/v2\/posts"}],"about":[{"href":"https:\/\/hpd-imotski.hr\/naslovnica\/wp-json\/wp\/v2\/types\/post"}],"author":[{"embeddable":true,"href":"https:\/\/hpd-imotski.hr\/naslovnica\/wp-json\/wp\/v2\/users\/3"}],"replies":[{"embeddable":true,"href":"https:\/\/hpd-imotski.hr\/naslovnica\/wp-json\/wp\/v2\/comments?post=30983"}],"version-history":[{"count":7,"href":"https:\/\/hpd-imotski.hr\/naslovnica\/wp-json\/wp\/v2\/posts\/30983\/revisions"}],"predecessor-version":[{"id":31097,"href":"https:\/\/hpd-imotski.hr\/naslovnica\/wp-json\/wp\/v2\/posts\/30983\/revisions\/31097"}],"wp:featuredmedia":[{"embeddable":true,"href":"https:\/\/hpd-imotski.hr\/naslovnica\/wp-json\/wp\/v2\/media\/30995"}],"wp:attachment":[{"href":"https:\/\/hpd-imotski.hr\/naslovnica\/wp-json\/wp\/v2\/media?parent=30983"}],"wp:term":[{"taxonomy":"category","embeddable":true,"href":"https:\/\/hpd-imotski.hr\/naslovnica\/wp-json\/wp\/v2\/categories?post=30983"},{"taxonomy":"post_tag","embeddable":true,"href":"https:\/\/hpd-imotski.hr\/naslovnica\/wp-json\/wp\/v2\/tags?post=30983"}],"curies":[{"name":"wp","href":"https:\/\/api.w.org\/{rel}","templated":true}]}}