{"id":30544,"date":"2025-01-08T13:47:11","date_gmt":"2025-01-08T12:47:11","guid":{"rendered":"https:\/\/hpd-imotski.hr\/naslovnica\/?p=30544"},"modified":"2025-01-27T19:23:50","modified_gmt":"2025-01-27T18:23:50","slug":"staza-hajduka-andrijice-simica","status":"publish","type":"post","link":"https:\/\/hpd-imotski.hr\/naslovnica\/2025\/01\/08\/staza-hajduka-andrijice-simica\/","title":{"rendered":"Staza hajduka Andrijice \u0160imi\u0107a"},"content":{"rendered":"\n<p>Na\u0161i vrijedni \u010dlanovi na \u010delu s predsjednikom, pred kraj pro\u0161le godine kona\u010dno su zavr\u0161ili pou\u010dnu stazu hajduka Andrijice \u0160imi\u0107a u Runovi\u0107u. O tome pi\u0161e na\u0161a dopredsjednica Josipa Rimac Vlaj\u010di\u0107 na stranicama Slobodne Dalmacije \u010diji \u010dlanak prenosimo. <\/p>\n\n\n\n<p>Puno je godina proletjelo od vremena kad je hercegova\u010dkim i dalmatinskim planinama i kr\u0161em kro\u010dio mo\u017eda najve\u0107i upam\u0107eni hajduk, slavni Andrijica \u0160imi\u0107. Ipak, zaslu\u017eeni status ova legenda odmetni\u0161tva i borbe za prava siroma\u0161nog i potla\u010denog ne u\u017eiva u punom smislu i danas je malo u narodu poznata \u010dinjenica da je nogometni klub Hajduk ba\u0161 po ovoj osebujnoj povijesnoj li\u010dnosti dobio ime. I nije to bilo tek tako; zaslu\u017eeno je Andrijica \u0160imi\u0107 me\u0111u pukom hercegova\u010dkog kraja, Dalmatinske zagore pa i \u010ditave Dalmacije jo\u0161 za \u017eivota intrigirao; o njemu su spjevane pjesme, ispleteni mitovi i za vrijeme njegovog <em>hajdu\u010devanja <\/em>nije mu bilo ravnog po spretnosti, okretnosti i hrabrosti. Na glasu je bio kao po\u0161ten i pravedan i ba\u0161 zbog toga mu se danas u Imotskom tepa kako je hrvatski Robin Hood.<\/p>\n\n\n\n<figure class=\"wp-block-image size-full\"><img loading=\"lazy\" decoding=\"async\" width=\"823\" height=\"504\" src=\"https:\/\/hpd-imotski.hr\/naslovnica\/wp-content\/uploads\/2025\/01\/AS01.jpg\" alt=\"\" class=\"wp-image-30545\" srcset=\"https:\/\/hpd-imotski.hr\/naslovnica\/wp-content\/uploads\/2025\/01\/AS01.jpg 823w, https:\/\/hpd-imotski.hr\/naslovnica\/wp-content\/uploads\/2025\/01\/AS01-768x470.jpg 768w\" sizes=\"auto, (max-width: 823px) 100vw, 823px\" \/><\/figure>\n\n\n\n<p>Pri\u010da o Andrijici \u0160imi\u0107u po\u010dinje davne 1833. kad je ro\u0111en u selu Alagovcu, nedaleko od Gruda. Ve\u0107 u ranoj mladosti je osjetio poziv da se usprotivi tada\u0161njem turskom hara\u010denju i odmetnuo se u hajduke s kojima je, otkako je postao hajdu\u010dki haramba\u0161a na Vran planini jednog kasnoljetnog dana, hara\u010dio Zagorom \u2013 od planine do doline. Tursko-austrijska granica, posve neprirodna i mrska stanovni\u0161tvu, Andrijici je priu\u0161tila neprijatelje s obje strane u godinama koje su uslijedile, pa su njegov \u017eivot i hajdu\u010devanje, o\u010dekivano, prolazili u apsolutnom stresu i nemiru. Bje\u017eao je od nemila do nedraga, bio ranjavan i proganjan zajedno s kolegama hajducima, a skrivao se, hranio, obla\u010dio i pre\u017eivljavao zahvaljuju\u0107i jatacima koji su mu sa\u010duvali \u017eivu glavu i slobodu sve do uhi\u0107enja koje ga je na kraju ko\u0161talo vi\u0161e od trideset godina tamovanja i samovanja u koparskom zatvoru.<\/p>\n\n\n\n<figure class=\"wp-block-image size-full\"><img loading=\"lazy\" decoding=\"async\" width=\"823\" height=\"473\" src=\"https:\/\/hpd-imotski.hr\/naslovnica\/wp-content\/uploads\/2025\/01\/AS02.jpg\" alt=\"\" class=\"wp-image-30546\" srcset=\"https:\/\/hpd-imotski.hr\/naslovnica\/wp-content\/uploads\/2025\/01\/AS02.jpg 823w, https:\/\/hpd-imotski.hr\/naslovnica\/wp-content\/uploads\/2025\/01\/AS02-768x441.jpg 768w\" sizes=\"auto, (max-width: 823px) 100vw, 823px\" \/><\/figure>\n\n\n\n<p>Ipak, iako je pripovijest o hajduku \u0160imi\u0107u, izvrsna podloga za pravi avanturisti\u010dki film na kojem bi Amerikanci \u201edigli lovu\u201c, kroz desetlje\u0107a kao da se pomalo zaboravlja. Tek tu i tamo, kakav zaljubljenik u amatersku povijest i koji stariji stanovnik Imotskog ili Hercegovine, ispri\u010da \u201ekako je Andrijica moga&#8217; sko\u010dit metar i po u zrak smista\u201c ili \u201ekako je tra\u017eio viru od \u010deljadi od koje je triba pomo\u0107\u201c.<\/p>\n\n\n\n<p>A biografija Andrijice \u0160imi\u0107a, prava je riznica narodnog blaga i pustolovna poslastica kakvoj nema premca u ovim na\u0161im krajevima, ina\u010de sklonima vezenju mitova, legendi i prepri\u010davanju nekih starih doga\u0111aja u koje se mora ne\u0161to malo dodati, malo oduzeti, ali ostaviti onu bit i nit koja \u010dini pravu pri\u010du vrijednu pripovijedanja i slu\u0161anja.<\/p>\n\n\n\n<figure class=\"wp-block-image size-full\"><img loading=\"lazy\" decoding=\"async\" width=\"823\" height=\"473\" src=\"https:\/\/hpd-imotski.hr\/naslovnica\/wp-content\/uploads\/2025\/01\/AS08.jpg\" alt=\"\" class=\"wp-image-30553\" srcset=\"https:\/\/hpd-imotski.hr\/naslovnica\/wp-content\/uploads\/2025\/01\/AS08.jpg 823w, https:\/\/hpd-imotski.hr\/naslovnica\/wp-content\/uploads\/2025\/01\/AS08-768x441.jpg 768w\" sizes=\"auto, (max-width: 823px) 100vw, 823px\" \/><\/figure>\n\n\n\n<figure class=\"wp-block-image aligncenter size-full\"><img loading=\"lazy\" decoding=\"async\" width=\"451\" height=\"623\" src=\"https:\/\/hpd-imotski.hr\/naslovnica\/wp-content\/uploads\/2025\/01\/AS04.jpg\" alt=\"\" class=\"wp-image-30547\"\/><\/figure>\n\n\n\n<p>I ba\u0161 tim razlozima potaknuti, imotski planinari koji u svojim redovima imaju prave obo\u017eavatelje legendarnog hajduka, prekopali su povijesne dokumente, ispeglali \u010dinjenice i sjeli pred papire i ra\u010dunala kako bi avanture Andrijice \u0160imi\u0107a prikazali svijetu i narodu \u2013 onima koji je ne znaju i onima koje treba tek malo podsjetiti. Mjesecima su radili na pou\u010dnoj stazi u op\u0107ini Runovi\u0107i koja u ne\u0161to vi\u0161e od pet kilometara lagane \u0161etnje runovi\u0107kim brdima kroz deset pou\u010dnih tabli pri\u010da i u\u010di o hajducima, povijesnim okolnostima s naglaskom na glavnu zvijezdu po kojoj je staza i dobila ime. Staza Andrijice \u0160imi\u0107a po\u010dinje u Sebi\u0161ini, a nekih sat i pol kasnije zavr\u0161ava na mjesnom groblju Gospe od Karmela u Runovi\u0107u gdje se nalazi i \u0160imi\u0107ev grob. Naime, Andrijica je, nakon tri desetlje\u0107a uzni\u0161tva i izlaska na slobodu, kao vitalan starac dane provodio u rodnoj Hercegovini, a kad je do\u0161ao posjetiti svoje imotske prijatelje u Runovi\u0107ima, sve\u0107enika i narodnog vidara koji mu je za hajdu\u010devanja lije\u010dio rane, otpio je gutljaj imotske rakije i izdahnuo ba\u0161 tu &#8211; u kraju iz kojeg se vidi \u010ditav njegov hajdu\u010dki put, od Vrana do Kame\u0161nice.<\/p>\n\n\n\n<p>\u010clanovi HPD-a \u201eImotski\u201c iznimno su ponosni na svoj uradak i sigurni kako \u0107e staza za\u017eivjeti i kako \u0107e se i namjerni i slu\u010dajni prolaznici zaustavljati i pro\u010ditati \u201ekoju pametnu\u201c o velikom hajduku. Branimir Mikuli\u0107, predsjednik imotskog planinarskog dru\u0161tva ka\u017ee kako su mjeseci rada na pou\u010dnoj stazi itekako dobro utro\u0161eno vrijeme:<\/p>\n\n\n\n<figure class=\"wp-block-image size-full\"><img loading=\"lazy\" decoding=\"async\" width=\"823\" height=\"473\" src=\"https:\/\/hpd-imotski.hr\/naslovnica\/wp-content\/uploads\/2025\/01\/AS03.jpg\" alt=\"\" class=\"wp-image-30554\" srcset=\"https:\/\/hpd-imotski.hr\/naslovnica\/wp-content\/uploads\/2025\/01\/AS03.jpg 823w, https:\/\/hpd-imotski.hr\/naslovnica\/wp-content\/uploads\/2025\/01\/AS03-768x441.jpg 768w\" sizes=\"auto, (max-width: 823px) 100vw, 823px\" \/><\/figure>\n\n\n\n<figure class=\"wp-block-image size-full\"><img loading=\"lazy\" decoding=\"async\" width=\"823\" height=\"473\" src=\"https:\/\/hpd-imotski.hr\/naslovnica\/wp-content\/uploads\/2025\/01\/AS05.jpg\" alt=\"\" class=\"wp-image-30548\" srcset=\"https:\/\/hpd-imotski.hr\/naslovnica\/wp-content\/uploads\/2025\/01\/AS05.jpg 823w, https:\/\/hpd-imotski.hr\/naslovnica\/wp-content\/uploads\/2025\/01\/AS05-768x441.jpg 768w\" sizes=\"auto, (max-width: 823px) 100vw, 823px\" \/><\/figure>\n\n\n\n<p>&#8211; Rad na ovom projektu koji je financiran i od strane Ministarstva regionalnog razvoja i Fondova Europske unije, bio je ba\u0161 poseban gu\u0161t. Prije nego smo do\u0161li do faze \u201ebau\u0161tele\u201c odnosno postavljanja tabli i \u010di\u0161\u0107enja i obilje\u017eavanja staze, ekipa koja je radila na njima, mjesecima je detaljno prou\u010davala dokumente, slu\u0161ala i analizirala anegdote, tra\u017eila fotografije\u2026 Te\u0161ko je takav bogat i osebujan \u017eivotni put sa\u017eeti na deset tabli, jer svaka je crtica iz \u017eivota Andrijice \u0160imi\u0107a poput filmskog ili kazali\u0161nog scenarija ili pustolovnog romana, ali smo na kraju uspjeli. Prou\u010davalo se, konzultiralo i s povjesni\u010darima, dodavalo i izbacivalo i na kraju smo prezadovoljni napravljenim. Runovi\u0107i su, ali i \u010ditava Imotska krajina na dobitku realizacijom ovog projekta, a na neki na\u010din smo malo i vratili dug Andrijici koji nas je svojim hajdukovanjem impresionirao i ba\u0161 smo du\u017eni pronositi mu ime. I zato je ovaj na\u0161 mali doprinos ustvari velik korak popularizaciji hajduka i Andrijice \u0160imi\u0107a, nama najve\u0107eg.<\/p>\n\n\n\n<figure class=\"wp-block-image size-full\"><img loading=\"lazy\" decoding=\"async\" width=\"823\" height=\"473\" src=\"https:\/\/hpd-imotski.hr\/naslovnica\/wp-content\/uploads\/2025\/01\/AS06.jpg\" alt=\"\" class=\"wp-image-30549\" srcset=\"https:\/\/hpd-imotski.hr\/naslovnica\/wp-content\/uploads\/2025\/01\/AS06.jpg 823w, https:\/\/hpd-imotski.hr\/naslovnica\/wp-content\/uploads\/2025\/01\/AS06-768x441.jpg 768w\" sizes=\"auto, (max-width: 823px) 100vw, 823px\" \/><\/figure>\n\n\n\n<p>A malo tko zna i kako je su\u0111enje na kojem je Andrijica \u0160imi\u0107 osu\u0111en na do\u017eivotni zatvor (pomilovan je nakon trideset godina) bilo prva sudska rasprava na hrvatskom jeziku u Dalmaciji. A zaboravili su ljudi, izgubilo se generacijama, kako su ga po izlasku iz zatvora na splitskoj rivi do\u010dekali deseci tisu\u0107a ljudi i da je u godinama slobode koje su uslijedile obilazio mnoga dalmatinska mjesta, pripovijedaju\u0107i o hajdu\u010dkim dogodov\u0161tinama te da je svugdje do\u010dekivan kao prava zvijezda oko koje se okupljalo mno\u0161tvo svijeta. Dana\u0161nji influenseri, Andrijici nisu ni do kolina.<\/p>\n\n\n\n<p>Za turisti\u010dki potencijal pri\u010de o Andrijici \u0160imi\u0107u, direktor Turisti\u010dke zajednice \u201eImota\u201c, Luka Kolovrat, ima vrlo visoka o\u010dekivanja. Andrijicu trebamo i moramo postaviti na povijesno mjesto koje mu pripada, a Stazu uvrstiti u turisti\u010dku ponudu:<\/p>\n\n\n\n<figure class=\"wp-block-image aligncenter size-full\"><img loading=\"lazy\" decoding=\"async\" width=\"473\" height=\"623\" src=\"https:\/\/hpd-imotski.hr\/naslovnica\/wp-content\/uploads\/2025\/01\/AS07.jpg\" alt=\"\" class=\"wp-image-30550\"\/><\/figure>\n\n\n\n<p>&#8211; Hajdu\u010dki \u017eivoti su silno \u017eivopisni i turisti\u010dki atraktivni i njima je svakako mjesto u ponudi koja se definira i sve vi\u0161e otkriva i u svojim zaboravljenim segmentima. Andrijica \u0160imi\u0107 je toliko jaka pri\u010da koja uz sve one dobro znane imotske stvari koje su turistima poznate, mo\u017ee postati i jedna od okosnica oko koje gradimo na\u0161 identitet. Ova runovi\u0107ka staza koju radili imotski planinari je prva komercijalnija aktivnost vezana za Andrijicu \u0160imi\u0107a i drago mi je da je je ba\u0161 ekipa iz HPD-a \u201eImotski\u201c pokrenula. S njima mi, turisti\u010dki djelatnici, izvrsno sura\u0111ujemo u puno projekata i stalno se ra\u0111aju nove ideje koje idu korist i lokalnom stanovni\u0161tvu i na\u0161im gostima. Siguran sam da \u0107e pri\u010da i Staza Andrijice \u0160imi\u0107a vrlo brzo postati prepoznatljivi imotski turisti\u010dki as iz rukava.<\/p>\n\n\n\n<figure class=\"wp-block-image aligncenter size-full\"><img loading=\"lazy\" decoding=\"async\" width=\"499\" height=\"623\" src=\"https:\/\/hpd-imotski.hr\/naslovnica\/wp-content\/uploads\/2025\/01\/AS10.jpg\" alt=\"\" class=\"wp-image-30555\"\/><\/figure>\n\n\n\n<figure class=\"wp-block-image size-full\"><img loading=\"lazy\" decoding=\"async\" width=\"823\" height=\"473\" src=\"https:\/\/hpd-imotski.hr\/naslovnica\/wp-content\/uploads\/2025\/01\/IMG-20250127-WA0003.jpg\" alt=\"\" class=\"wp-image-30565\" srcset=\"https:\/\/hpd-imotski.hr\/naslovnica\/wp-content\/uploads\/2025\/01\/IMG-20250127-WA0003.jpg 823w, https:\/\/hpd-imotski.hr\/naslovnica\/wp-content\/uploads\/2025\/01\/IMG-20250127-WA0003-768x441.jpg 768w\" sizes=\"auto, (max-width: 823px) 100vw, 823px\" \/><\/figure>\n\n\n\n<figure class=\"wp-block-image size-full\"><img loading=\"lazy\" decoding=\"async\" width=\"823\" height=\"473\" src=\"https:\/\/hpd-imotski.hr\/naslovnica\/wp-content\/uploads\/2025\/01\/AS09.jpg\" alt=\"\" class=\"wp-image-30551\" srcset=\"https:\/\/hpd-imotski.hr\/naslovnica\/wp-content\/uploads\/2025\/01\/AS09.jpg 823w, https:\/\/hpd-imotski.hr\/naslovnica\/wp-content\/uploads\/2025\/01\/AS09-768x441.jpg 768w\" sizes=\"auto, (max-width: 823px) 100vw, 823px\" \/><\/figure>\n\n\n\n<p>Filmska pri\u010da o \u010dovjeku koji je ve\u0107 za \u017eivota bio legenda i zbog kojeg Hajduk koji je Dalmatincima svetinja nosi ba\u0161 to ime, zaslu\u017euje i puno vi\u0161e od koje kartice u novinama i staze u Dalmatinskoj zagori. Zaslu\u017euje da staro i mlado, u podne i pono\u0107 k&#8217;o iz topa znaju kazat&#8217; tko je bio Andrijica \u0160imi\u0107a, hajdu\u010dki haramba\u0161a koji nas je sve zadu\u017eio.<\/p>\n\n\n\n<p>A u Imotskoj krajini, gdje mu je posljednji dom i zakopano hajdu\u010dko srce, glasno izgovaraju njegovo&nbsp; ime.<\/p>\n\n\n\n<figure class=\"wp-block-image size-full\"><img loading=\"lazy\" decoding=\"async\" width=\"823\" height=\"473\" src=\"https:\/\/hpd-imotski.hr\/naslovnica\/wp-content\/uploads\/2025\/01\/AS14.jpg\" alt=\"\" class=\"wp-image-30552\" srcset=\"https:\/\/hpd-imotski.hr\/naslovnica\/wp-content\/uploads\/2025\/01\/AS14.jpg 823w, https:\/\/hpd-imotski.hr\/naslovnica\/wp-content\/uploads\/2025\/01\/AS14-768x441.jpg 768w\" sizes=\"auto, (max-width: 823px) 100vw, 823px\" \/><\/figure>\n","protected":false},"excerpt":{"rendered":"<p>Na\u0161i vrijedni \u010dlanovi na \u010delu s predsjednikom, pred kraj pro\u0161le godine kona\u010dno su zavr\u0161ili pou\u010dnu stazu hajduka Andrijice \u0160imi\u0107a u Runovi\u0107u. O tome pi\u0161e na\u0161a dopredsjednica Josipa Rimac Vlaj\u010di\u0107 na stranicama Slobodne Dalmacije \u010diji \u010dlanak prenosimo. Puno je godina proletjelo od vremena kad je hercegova\u010dkim i dalmatinskim planinama i kr\u0161em kro\u010dio mo\u017eda najve\u0107i upam\u0107eni hajduk, [&hellip;]<\/p>\n","protected":false},"author":3,"featured_media":30546,"comment_status":"open","ping_status":"open","sticky":false,"template":"","format":"standard","meta":{"ngg_post_thumbnail":0,"footnotes":""},"categories":[13],"tags":[],"class_list":["post-30544","post","type-post","status-publish","format-standard","has-post-thumbnail","hentry","category-dogaanja"],"blocksy_meta":[],"_links":{"self":[{"href":"https:\/\/hpd-imotski.hr\/naslovnica\/wp-json\/wp\/v2\/posts\/30544","targetHints":{"allow":["GET"]}}],"collection":[{"href":"https:\/\/hpd-imotski.hr\/naslovnica\/wp-json\/wp\/v2\/posts"}],"about":[{"href":"https:\/\/hpd-imotski.hr\/naslovnica\/wp-json\/wp\/v2\/types\/post"}],"author":[{"embeddable":true,"href":"https:\/\/hpd-imotski.hr\/naslovnica\/wp-json\/wp\/v2\/users\/3"}],"replies":[{"embeddable":true,"href":"https:\/\/hpd-imotski.hr\/naslovnica\/wp-json\/wp\/v2\/comments?post=30544"}],"version-history":[{"count":2,"href":"https:\/\/hpd-imotski.hr\/naslovnica\/wp-json\/wp\/v2\/posts\/30544\/revisions"}],"predecessor-version":[{"id":30566,"href":"https:\/\/hpd-imotski.hr\/naslovnica\/wp-json\/wp\/v2\/posts\/30544\/revisions\/30566"}],"wp:featuredmedia":[{"embeddable":true,"href":"https:\/\/hpd-imotski.hr\/naslovnica\/wp-json\/wp\/v2\/media\/30546"}],"wp:attachment":[{"href":"https:\/\/hpd-imotski.hr\/naslovnica\/wp-json\/wp\/v2\/media?parent=30544"}],"wp:term":[{"taxonomy":"category","embeddable":true,"href":"https:\/\/hpd-imotski.hr\/naslovnica\/wp-json\/wp\/v2\/categories?post=30544"},{"taxonomy":"post_tag","embeddable":true,"href":"https:\/\/hpd-imotski.hr\/naslovnica\/wp-json\/wp\/v2\/tags?post=30544"}],"curies":[{"name":"wp","href":"https:\/\/api.w.org\/{rel}","templated":true}]}}