{"id":30325,"date":"2023-12-27T15:40:21","date_gmt":"2023-12-27T14:40:21","guid":{"rendered":"https:\/\/hpd-imotski.hr\/naslovnica\/?p=30325"},"modified":"2024-02-04T21:21:07","modified_gmt":"2024-02-04T20:21:07","slug":"godisnja-skupstina-2023","status":"publish","type":"post","link":"https:\/\/hpd-imotski.hr\/naslovnica\/2023\/12\/27\/godisnja-skupstina-2023\/","title":{"rendered":"Godi\u0161nja skup\u0161tina 2023."},"content":{"rendered":"\n<p>Dijelimo \u010dlanak iz SD od 27. 12. 2023. na\u0161e dopredsjednice Josipe Rimac Vlaj\u010di\u0107 o radu dru\u0161tva&#8230;<\/p>\n\n\n\n<p>Imotski planinari okupili su se na redovnoj godi\u0161njoj skup\u0161tini u Pu\u010dkom otvorenom u\u010dili\u0161tu Imotski. Ovaj doga\u0111aj za planinare HPD-a \u201eImotski\u201c ipak je bio malo druga\u010diji od uobi\u010dajenih godi\u0161njih&nbsp; okupljanja i izvje\u0161\u0107a \u2013 imotsko planinarsko dru\u0161tvo slavi 40 godina kontinuiranog djelovanja te su tim povodom dodijeljena i priznanja dugogodi\u0161njim \u010dlanovima, kao i diplome novim \u010dlanovima nedavno zavr\u0161ene Op\u0107e planinarske \u0161kole u organizaciji Dru\u0161tva.<\/p>\n\n\n\n<p>Uz 10 dru\u0161tvenih priznanja za zasluge, doprinos i promicanje planinarenja i samog HPD-a \u201eImotski\u201c, uru\u010deno je i 13 znakova Hrvatskog planinarskog saveza. Bron\u010dane, srebrne i zlatne znakove \u010dlanovima koji se isti\u010du radom i doprinosom, HPS od 1962. godine dodjeljuje planinarima i dru\u0161tvima koja su se istaknula anga\u017emanom u razli\u010ditim sferama planinarstva.  Sedam bron\u010danih i pet srebrnih te jedan zlatni znak koja je pripala dugogodi\u0161njem \u010dlanu i planinaru za nepunih 47 godina uspona i dru\u0161tvenog rada, Josipu Vukosavu, u\u010dinili su HPD \u201eImotski\u201c jo\u0161 prepoznatljivijim i va\u017enijim faktorom imotskog javnog i dru\u0161tvenog \u017eivota. Vukosav je do ponovnog osnivanja HPD-a \u201eImotski bio \u010dlan Planinarskog kluba Split i Planinarskog dru\u0161tva Mosor:<\/p>\n\n\n\n<p>&#8211; Zlatni znak HPS-a nije samo za vrhove, ve\u0107 za kompletan rad i anga\u017eman u planinarstvu. To je jednostavno stil \u017eivota. U HPD-u \u201eImotski\u201c sam imao i jo\u0161 uvijek imam brojne uloge od samih po\u010detaka i osnivanja kad je Dru\u0161tvo ponovno \u201eo\u017eivljeno\u201c nakon pauze i slu\u017ebeno ponovno osnovano \u2013 od vo\u0111enja Dru\u0161tva preko administracije, ure\u0111enja planinarskih staza, snimanja i prikupljanja fotografija, ure\u0111ivanja web stranica i dru\u0161tvenih mre\u017ea\u2026 nisam dao da se ovo Dru\u0161tvo ugasi ve\u0107 sam ga izgurao do novih ljudi, \u010dlanova i odli\u010dne ekipe koja ga sada vodi, a ja sam im svojim iskustvom i znanjem uvijek na raspolaganju.<\/p>\n\n\n\n<p>Punog srca i ponosa na ovo moje Dru\u0161tvo, mogu samo re\u0107i da je vrijedilo svake muke i koraka na putu prema svim tim ispenjanim vrhovima. Zahvaljujem HPS-u na ovom zlatnom odli\u010dju, ali zlato je sve ono \u0161to je prethodilo ovom priznanju.<\/p>\n\n\n\n<p>Ina\u010de, imotsko planinarsko dru\u0161tvo jedno je od najstarijih u Dalmaciji; mogu se pohvaliti s \u010dak \u010detiri desetlje\u0107a neprekinutog rada, ali sami po\u010detci se\u017eu gotovo stotinu godina unatrag &#8211; do 1927. godine. Broje dvjestotinjak \u010dlanova, iznimno su aktivni u dru\u0161tvenim doga\u0111anjima na podru\u010dju Imotske krajine \u2013 volontiraju, poti\u010du i sura\u0111uju s brojnim institucijama i organizacijama. Organiziraju i sudjeluju u ekolo\u0161kim akcijama, obrazuju nove planinare kao i svoje ve\u0107 afirmirane \u010dlanove. Iznimno je aktivan i Speleolo\u0161ki odsjek HPD-a \u201eImotski\u201c \u010diji su \u010dlanovi educirani i aktivni speleolozi koji osim u Dru\u0161tvu sudjeluju u svim va\u017enijim i zahtjevnijim akcijama na podru\u010dju Imotske krajine. Pro\u010delnik splitskog HGSS-a Branimir Juki\u0107, koji je tako\u0111er \u010dlan HPD-a \u201eImotski\u201c, ali i pro\u010delnik Speleo odsjeka, dobitnik je srebrnog znaka HPS-a:<\/p>\n\n\n\n<p>&#8211; Speleolo\u0161ki odsjek djeluje u sklopu HPD-a imotski od 2012. godine. Od tada smo proveli brojna &nbsp;istra\u017eivanja na podru\u010dju Imotske krajine koja ima veliki broj speleolo\u0161kih objekata s obzirom da se radi o tipi\u010dnom kr\u0161kom podru\u010dju. Pokrenuli smo i brojne istra\u017eiva\u010dke akcije i nekoliko ekspedicija u na\u0161em najpoznatijem speleolo\u0161kom objektu-Crvenom jezeru. 2013. godine organizirali smo s Fakultetom gra\u0111evinarstva, arhitekture i geodezije iz Splita znanstveno-istra\u017eiva\u010dku ekspediciju &#8220;Crveno jezero 2013.&#8221; u kojoj su po prvi puta napravljeni 3D modeli jezera i izmjerena to\u010dna dubina najdubljeg hrvatskog jezera i jednog od najdubljih kr\u0161kih jezera svijeta. Kroz godine smo uspostavili odli\u010dnu suradnju sa znanstvenim institucijama i stru\u010dnjacima iz podru\u010dja speleologije, geomorfologije i hidrogeologije, a meni je kao \u010dlanu HPD-a \u201eImotski\u201c posebno drago da su te aktivnosti odvijale u organizaciji i suradnjom na\u0161eg Dru\u0161tva s va\u017enim institucijama i organizacijama. U Odsjeku je danas deset aktivnih \u010dlanova koji vrijedno rade na istra\u017eivanju Imotskih kr\u0161kih podzemnih fenomena i promoviranju ljepota Imotske krajine.<\/p>\n\n\n\n<p>Srebrni znak HPS-a kojeg sam dobio kao pripadnik HPD-a \u201eImotski\u201c ba\u0161 je velika \u010dast i poticaj za nastavak dru\u0161tvenog i planinarskog anga\u017emana.<\/p>\n\n\n\n<p>Izletni\u010dka sekcija organizira dru\u0161tvene izlete i planinarske ture, a Markacisti\u010dka sekcija se brine o odr\u017eavanju i ozna\u010davanju staza \u0161to zajedni\u010dkim djelovanjem imotsko Dru\u0161tvo \u010dini kompletnom planinarskom organizacijom. Za nadolaze\u0107e mjesece i idu\u0107u godinu, vodstvo HPD-a \u201eImotski\u201c najavilo je brojne aktivnosti. U suradnji s TZ \u201eImota\u201c radit \u0107e se na velikim projektima koji \u0107e obogatiti i imotsku turisti\u010dku ponudu.<\/p>\n\n\n\n<p>Predsjednik Branimir Mikuli\u0107, dobitnik bron\u010danog znaka HPS-a, jako je zadovoljan radom Dru\u0161tva u protekloj godini, a za idu\u0107u ima velika o\u010dekivanja i ambicije:<\/p>\n\n\n\n<p>&#8211; Na\u0161i \u010dlanovi, osim \u0161to se penju po planinama Hrvatske, ali i Europe i tako brane boje zastave imotskog planinarskog dru\u0161tva, ujedno su i vrijedni \u010dlanovi zajednice. Pokazali smo u protekloj godini da se na nas uvijek mo\u017ee ra\u010dunati, a za idu\u0107u imamo velike planove koji \u0107e, ako bude onako kako smo zamislili, biti na ponos na\u0161eg Dru\u0161tva, ali i \u010ditavog imotskog kraja.<\/p>\n\n\n\n<figure class=\"wp-block-image size-full\"><img loading=\"lazy\" decoding=\"async\" width=\"823\" height=\"558\" src=\"https:\/\/hpd-imotski.hr\/naslovnica\/wp-content\/uploads\/2023\/12\/IMG-20231216-WA0036.jpg\" alt=\"\" class=\"wp-image-30326\" srcset=\"https:\/\/hpd-imotski.hr\/naslovnica\/wp-content\/uploads\/2023\/12\/IMG-20231216-WA0036.jpg 823w, https:\/\/hpd-imotski.hr\/naslovnica\/wp-content\/uploads\/2023\/12\/IMG-20231216-WA0036-768x521.jpg 768w\" sizes=\"auto, (max-width: 823px) 100vw, 823px\" \/><\/figure>\n\n\n\n<figure class=\"wp-block-image size-full\"><img loading=\"lazy\" decoding=\"async\" width=\"823\" height=\"574\" src=\"https:\/\/hpd-imotski.hr\/naslovnica\/wp-content\/uploads\/2023\/12\/IMG-20231216-WA0034.jpg\" alt=\"\" class=\"wp-image-30327\" srcset=\"https:\/\/hpd-imotski.hr\/naslovnica\/wp-content\/uploads\/2023\/12\/IMG-20231216-WA0034.jpg 823w, https:\/\/hpd-imotski.hr\/naslovnica\/wp-content\/uploads\/2023\/12\/IMG-20231216-WA0034-768x536.jpg 768w\" sizes=\"auto, (max-width: 823px) 100vw, 823px\" \/><\/figure>\n\n\n\n<figure class=\"wp-block-image size-full\"><img loading=\"lazy\" decoding=\"async\" width=\"823\" height=\"516\" src=\"https:\/\/hpd-imotski.hr\/naslovnica\/wp-content\/uploads\/2023\/12\/IMG-20231216-WA0056.jpg\" alt=\"\" class=\"wp-image-30328\" srcset=\"https:\/\/hpd-imotski.hr\/naslovnica\/wp-content\/uploads\/2023\/12\/IMG-20231216-WA0056.jpg 823w, https:\/\/hpd-imotski.hr\/naslovnica\/wp-content\/uploads\/2023\/12\/IMG-20231216-WA0056-768x482.jpg 768w\" sizes=\"auto, (max-width: 823px) 100vw, 823px\" \/><\/figure>\n\n\n\n<figure class=\"wp-block-image size-full\"><img loading=\"lazy\" decoding=\"async\" width=\"823\" height=\"572\" src=\"https:\/\/hpd-imotski.hr\/naslovnica\/wp-content\/uploads\/2023\/12\/IMG-20231216-WA0057.jpg\" alt=\"\" class=\"wp-image-30329\" srcset=\"https:\/\/hpd-imotski.hr\/naslovnica\/wp-content\/uploads\/2023\/12\/IMG-20231216-WA0057.jpg 823w, https:\/\/hpd-imotski.hr\/naslovnica\/wp-content\/uploads\/2023\/12\/IMG-20231216-WA0057-768x534.jpg 768w\" sizes=\"auto, (max-width: 823px) 100vw, 823px\" \/><\/figure>\n\n\n\n<figure class=\"wp-block-image size-full\"><img loading=\"lazy\" decoding=\"async\" width=\"823\" height=\"559\" src=\"https:\/\/hpd-imotski.hr\/naslovnica\/wp-content\/uploads\/2023\/12\/IMG-20231216-WA0035.jpg\" alt=\"\" class=\"wp-image-30330\" srcset=\"https:\/\/hpd-imotski.hr\/naslovnica\/wp-content\/uploads\/2023\/12\/IMG-20231216-WA0035.jpg 823w, https:\/\/hpd-imotski.hr\/naslovnica\/wp-content\/uploads\/2023\/12\/IMG-20231216-WA0035-768x522.jpg 768w\" sizes=\"auto, (max-width: 823px) 100vw, 823px\" \/><\/figure>\n\n\n\n<figure class=\"wp-block-image size-full\"><img loading=\"lazy\" decoding=\"async\" width=\"823\" height=\"508\" src=\"https:\/\/hpd-imotski.hr\/naslovnica\/wp-content\/uploads\/2023\/12\/IMG-20231216-WA0058.jpg\" alt=\"\" class=\"wp-image-30331\" srcset=\"https:\/\/hpd-imotski.hr\/naslovnica\/wp-content\/uploads\/2023\/12\/IMG-20231216-WA0058.jpg 823w, https:\/\/hpd-imotski.hr\/naslovnica\/wp-content\/uploads\/2023\/12\/IMG-20231216-WA0058-768x474.jpg 768w\" sizes=\"auto, (max-width: 823px) 100vw, 823px\" \/><\/figure>\n\n\n\n<figure class=\"wp-block-image size-full\"><img loading=\"lazy\" decoding=\"async\" width=\"823\" height=\"500\" src=\"https:\/\/hpd-imotski.hr\/naslovnica\/wp-content\/uploads\/2023\/12\/IMG-20231216-WA0060.jpg\" alt=\"\" class=\"wp-image-30332\" srcset=\"https:\/\/hpd-imotski.hr\/naslovnica\/wp-content\/uploads\/2023\/12\/IMG-20231216-WA0060.jpg 823w, https:\/\/hpd-imotski.hr\/naslovnica\/wp-content\/uploads\/2023\/12\/IMG-20231216-WA0060-768x467.jpg 768w\" sizes=\"auto, (max-width: 823px) 100vw, 823px\" \/><\/figure>\n\n\n\n\n","protected":false},"excerpt":{"rendered":"<p>Dijelimo \u010dlanak iz SD od 27. 12. 2023. na\u0161e dopredsjednice Josipe Rimac Vlaj\u010di\u0107 o radu dru\u0161tva&#8230; Imotski planinari okupili su se na redovnoj godi\u0161njoj skup\u0161tini u Pu\u010dkom otvorenom u\u010dili\u0161tu Imotski. Ovaj doga\u0111aj za planinare HPD-a \u201eImotski\u201c ipak je bio malo druga\u010diji od uobi\u010dajenih godi\u0161njih&nbsp; okupljanja i izvje\u0161\u0107a \u2013 imotsko planinarsko dru\u0161tvo slavi 40 godina kontinuiranog [&hellip;]<\/p>\n","protected":false},"author":3,"featured_media":30331,"comment_status":"open","ping_status":"open","sticky":false,"template":"","format":"standard","meta":{"ngg_post_thumbnail":0,"footnotes":""},"categories":[13],"tags":[],"class_list":["post-30325","post","type-post","status-publish","format-standard","has-post-thumbnail","hentry","category-dogaanja"],"blocksy_meta":[],"_links":{"self":[{"href":"https:\/\/hpd-imotski.hr\/naslovnica\/wp-json\/wp\/v2\/posts\/30325","targetHints":{"allow":["GET"]}}],"collection":[{"href":"https:\/\/hpd-imotski.hr\/naslovnica\/wp-json\/wp\/v2\/posts"}],"about":[{"href":"https:\/\/hpd-imotski.hr\/naslovnica\/wp-json\/wp\/v2\/types\/post"}],"author":[{"embeddable":true,"href":"https:\/\/hpd-imotski.hr\/naslovnica\/wp-json\/wp\/v2\/users\/3"}],"replies":[{"embeddable":true,"href":"https:\/\/hpd-imotski.hr\/naslovnica\/wp-json\/wp\/v2\/comments?post=30325"}],"version-history":[{"count":3,"href":"https:\/\/hpd-imotski.hr\/naslovnica\/wp-json\/wp\/v2\/posts\/30325\/revisions"}],"predecessor-version":[{"id":30400,"href":"https:\/\/hpd-imotski.hr\/naslovnica\/wp-json\/wp\/v2\/posts\/30325\/revisions\/30400"}],"wp:featuredmedia":[{"embeddable":true,"href":"https:\/\/hpd-imotski.hr\/naslovnica\/wp-json\/wp\/v2\/media\/30331"}],"wp:attachment":[{"href":"https:\/\/hpd-imotski.hr\/naslovnica\/wp-json\/wp\/v2\/media?parent=30325"}],"wp:term":[{"taxonomy":"category","embeddable":true,"href":"https:\/\/hpd-imotski.hr\/naslovnica\/wp-json\/wp\/v2\/categories?post=30325"},{"taxonomy":"post_tag","embeddable":true,"href":"https:\/\/hpd-imotski.hr\/naslovnica\/wp-json\/wp\/v2\/tags?post=30325"}],"curies":[{"name":"wp","href":"https:\/\/api.w.org\/{rel}","templated":true}]}}