{"id":30002,"date":"2015-05-12T16:35:00","date_gmt":"2015-05-12T14:35:00","guid":{"rendered":"https:\/\/hpd-imotski.hr\/naslovnica\/?p=30002"},"modified":"2023-10-06T16:37:04","modified_gmt":"2023-10-06T14:37:04","slug":"vjezbanjem-prema-podzemlju","status":"publish","type":"post","link":"https:\/\/hpd-imotski.hr\/naslovnica\/2015\/05\/12\/vjezbanjem-prema-podzemlju\/","title":{"rendered":"Vje\u017ebanjem prema podzemlju\u2026"},"content":{"rendered":"\n<p>Jo\u0161 jednu stijensku vje\u017ebu organiziralo je novo vodstvo na\u0161eg speleolo\u0161kog odsjeka. Relacija tajnik &#8211; pro\u010delnik besprijekorno funkcionira. Valjda mladi to pojednostave i bolje poslo\u017ee da funkcionira. Ne ka\u017ee se bez razloga da na njima dru\u0161tvo ostaje\u2026<\/p>\n\n\n\n<p>Treba i nove \u010dlanove pripremiti za ljeto i nova speleolo\u0161ka istra\u017eivanja. A i na Crvenom jezeru se o\u010dekuju nove akcije. U njima \u0107e se, kao i do sada, vidjeti zajedni\u0161tvo, spremnost i suradnja na\u0161eg speleolo\u0161kog odsjeka. Na\u017ealost, kod starih \u010dlanova je primije\u0107eno i pove\u0107anje tjelesne mase. Neki jedva da i kacigu mogu zakop\u010dati. Mo\u017eda je razlog u manjoj tjelesnoj aktivnosti? Neki su zanemarili \u0161piljarenje, neki su se zapetljali u ljubavne sapunice, a neki su gubitkom funkcija, oti\u0161li u neke druge aktivnosti. Me\u0111utim, pro\u010delnik ne posustaje. Odlu\u010dio je svoj speleo &#8211; odsjek odr\u017eati na \u017eivotu. I tajnik krpi rupe prethodnika te sprema prodaju nacrta nacionalnom katastru! Od novca \u0107e se, pri\u010da se, graditi planinarski dom! Vje\u017ebanje svima dobro do\u0111e i vje\u017ebati se mora. Ovog puta je to bilo u Modrom jezeru, pitomom dragulju na\u0161e lijepe krajine. Rijetko vi\u0111ena bu\u0161ilica je bu\u0161enjem rupe za fiks ozna\u010dila po\u010detak vje\u017ebe. Vje\u017ebalo se dva \u0161kolska sata, taman da se otvori apetit za mladu janjetinu po krizmama i pri\u010destima, diljem Imotske krajine, koje su sudionici toga dana pohodili.<br>Ispod slijedi manji foto prilog s ove vje\u017ebe\u2026<\/p>\n","protected":false},"excerpt":{"rendered":"<p>Jo\u0161 jednu stijensku vje\u017ebu organiziralo je novo vodstvo na\u0161eg speleolo\u0161kog odsjeka. Relacija tajnik &#8211; pro\u010delnik besprijekorno funkcionira. Valjda mladi to pojednostave i bolje poslo\u017ee da funkcionira. Ne ka\u017ee se bez razloga da na njima dru\u0161tvo ostaje\u2026 Treba i nove \u010dlanove pripremiti za ljeto i nova speleolo\u0161ka istra\u017eivanja. A i na Crvenom jezeru se o\u010dekuju nove [&hellip;]<\/p>\n","protected":false},"author":3,"featured_media":0,"comment_status":"open","ping_status":"open","sticky":false,"template":"","format":"standard","meta":{"ngg_post_thumbnail":0,"footnotes":""},"categories":[37],"tags":[],"class_list":["post-30002","post","type-post","status-publish","format-standard","hentry","category-speleo"],"blocksy_meta":[],"_links":{"self":[{"href":"https:\/\/hpd-imotski.hr\/naslovnica\/wp-json\/wp\/v2\/posts\/30002","targetHints":{"allow":["GET"]}}],"collection":[{"href":"https:\/\/hpd-imotski.hr\/naslovnica\/wp-json\/wp\/v2\/posts"}],"about":[{"href":"https:\/\/hpd-imotski.hr\/naslovnica\/wp-json\/wp\/v2\/types\/post"}],"author":[{"embeddable":true,"href":"https:\/\/hpd-imotski.hr\/naslovnica\/wp-json\/wp\/v2\/users\/3"}],"replies":[{"embeddable":true,"href":"https:\/\/hpd-imotski.hr\/naslovnica\/wp-json\/wp\/v2\/comments?post=30002"}],"version-history":[{"count":1,"href":"https:\/\/hpd-imotski.hr\/naslovnica\/wp-json\/wp\/v2\/posts\/30002\/revisions"}],"predecessor-version":[{"id":30003,"href":"https:\/\/hpd-imotski.hr\/naslovnica\/wp-json\/wp\/v2\/posts\/30002\/revisions\/30003"}],"wp:attachment":[{"href":"https:\/\/hpd-imotski.hr\/naslovnica\/wp-json\/wp\/v2\/media?parent=30002"}],"wp:term":[{"taxonomy":"category","embeddable":true,"href":"https:\/\/hpd-imotski.hr\/naslovnica\/wp-json\/wp\/v2\/categories?post=30002"},{"taxonomy":"post_tag","embeddable":true,"href":"https:\/\/hpd-imotski.hr\/naslovnica\/wp-json\/wp\/v2\/tags?post=30002"}],"curies":[{"name":"wp","href":"https:\/\/api.w.org\/{rel}","templated":true}]}}