{"id":29307,"date":"2017-03-27T16:05:00","date_gmt":"2017-03-27T14:05:00","guid":{"rendered":"https:\/\/hpd-imotski.hr\/naslovnica\/?p=29307"},"modified":"2023-08-28T16:08:33","modified_gmt":"2023-08-28T14:08:33","slug":"jama-u-brstila","status":"publish","type":"post","link":"https:\/\/hpd-imotski.hr\/naslovnica\/2017\/03\/27\/jama-u-brstila\/","title":{"rendered":"Jama u Brstila"},"content":{"rendered":"\n<p>Za jamu u medovdola\u010dkom zaselku Brstile saznali smo sasvim slu\u010dajno. Naime, iz ove su jame nedavno pripadnici HGSS-a izvadili ba\u010dene pse.<\/p>\n\n\n\n<p>Na prvi pogled, ovaj speleolo\u0161ki objekt ne izgleda naro\u010dito perspektivno, ali kao i mnogo puta do sada, prvi je dojam ponekad varljiv. Imotsko-splitsku ekipu \u010dinili su Sr\u0111ana, Petra, \u0160kevac i ja. \u017denski dio ekipe pripadnici su SD-a \u0160piljar iz Splita. Ulazna mala vertikala od nekih 7-8 metara nije otkrivala mnogo, me\u0111utim nakon spu\u0161tanja na dno vertikale dojam postaje posve druga\u010diji. Unutra\u0161njost obiluje bogatstvom najrazli\u010ditijih siga u formama stalaktita, stalagmita, kristala, koralja, zavjesa i\u2026 Sve ove forme su raspore\u0111ene u dvije dvorane kojima se strop izdi\u017ee i do petnaestak metara visine. Objekt je \u0161pilja s jamskim ulazom, a unutra\u0161njost objekta u potpunosti je sa\u010duvana od devastacije zbog vertikalnog skoka na ulazu kojega je nemogu\u0107e savladati bez speleolo\u0161ke opreme. Ovo je estetski jo\u0161 jedna jako vrijedna \u0161pilja u katastru SO-a HPD Imotski, u koju \u0107emo se sigurno ponovo vratiti s ciljem daljnjih detaljnijih istra\u017eivanja.<\/p>\n\n\n\n<p>Kako izgleda jama u Brstila pogledajte ispod u fotografijama istra\u017eiva\u010dke ekipe\u2026<\/p>\n\n\n\nngg_shortcode_0_placeholder\n","protected":false},"excerpt":{"rendered":"<p>Za jamu u medovdola\u010dkom zaselku Brstile saznali smo sasvim slu\u010dajno. Naime, iz ove su jame nedavno pripadnici HGSS-a izvadili ba\u010dene pse. Na prvi pogled, ovaj speleolo\u0161ki objekt ne izgleda naro\u010dito perspektivno, ali kao i mnogo puta do sada, prvi je dojam ponekad varljiv. Imotsko-splitsku ekipu \u010dinili su Sr\u0111ana, Petra, \u0160kevac i ja. \u017denski dio ekipe [&hellip;]<\/p>\n","protected":false},"author":3,"featured_media":0,"comment_status":"open","ping_status":"open","sticky":false,"template":"","format":"standard","meta":{"ngg_post_thumbnail":0,"footnotes":""},"categories":[37],"tags":[],"class_list":["post-29307","post","type-post","status-publish","format-standard","hentry","category-speleo"],"blocksy_meta":[],"_links":{"self":[{"href":"https:\/\/hpd-imotski.hr\/naslovnica\/wp-json\/wp\/v2\/posts\/29307","targetHints":{"allow":["GET"]}}],"collection":[{"href":"https:\/\/hpd-imotski.hr\/naslovnica\/wp-json\/wp\/v2\/posts"}],"about":[{"href":"https:\/\/hpd-imotski.hr\/naslovnica\/wp-json\/wp\/v2\/types\/post"}],"author":[{"embeddable":true,"href":"https:\/\/hpd-imotski.hr\/naslovnica\/wp-json\/wp\/v2\/users\/3"}],"replies":[{"embeddable":true,"href":"https:\/\/hpd-imotski.hr\/naslovnica\/wp-json\/wp\/v2\/comments?post=29307"}],"version-history":[{"count":1,"href":"https:\/\/hpd-imotski.hr\/naslovnica\/wp-json\/wp\/v2\/posts\/29307\/revisions"}],"predecessor-version":[{"id":29324,"href":"https:\/\/hpd-imotski.hr\/naslovnica\/wp-json\/wp\/v2\/posts\/29307\/revisions\/29324"}],"wp:attachment":[{"href":"https:\/\/hpd-imotski.hr\/naslovnica\/wp-json\/wp\/v2\/media?parent=29307"}],"wp:term":[{"taxonomy":"category","embeddable":true,"href":"https:\/\/hpd-imotski.hr\/naslovnica\/wp-json\/wp\/v2\/categories?post=29307"},{"taxonomy":"post_tag","embeddable":true,"href":"https:\/\/hpd-imotski.hr\/naslovnica\/wp-json\/wp\/v2\/tags?post=29307"}],"curies":[{"name":"wp","href":"https:\/\/api.w.org\/{rel}","templated":true}]}}