{"id":121,"date":"2010-06-08T03:04:45","date_gmt":"2010-06-08T01:04:45","guid":{"rendered":"https:\/\/hpd-imotski.hr\/naslovnica\/2010\/06\/08\/ljepoto-prenj-ti-je-ime\/"},"modified":"2010-06-08T03:04:45","modified_gmt":"2010-06-08T01:04:45","slug":"ljepoto-prenj-ti-je-ime","status":"publish","type":"post","link":"https:\/\/hpd-imotski.hr\/naslovnica\/2010\/06\/08\/ljepoto-prenj-ti-je-ime\/","title":{"rendered":"Ljepoto &#8211; Prenj ti je ime!"},"content":{"rendered":"<p style=\"text-align: left;\"><a href=\"https:\/\/hpd-imotski.hr\/naslovnica\/wp-content\/uploads\/2010\/06\/prenj003-386.jpg\"><span style=\"font-size: 9pt;\"><img loading=\"lazy\" decoding=\"async\" style=\"margin: 5px; width: 80px; float: left; height: 60px;\" title=\"prenj003.jpg\" src=\"https:\/\/hpd-imotski.hr\/naslovnica\/wp-content\/uploads\/2010\/06\/prenj003-386.jpg\" alt=\"prenj003.jpg\" width=\"80\" height=\"60\" \/><\/span><\/a><span style=\"font-size: 12pt;\"><span style=\"color: #000000;\">U vikendu koji je za nama bili smo dakako aktivni te smo posjetili bo\u017eanstvene ljepote Prenja.Planinarili smo skupa sa na\u0161im dragim Vihora\u0161ima s kojima smo u nedjelju popili kavicu na trgu i po\u017eeljeli im ugodan povratak u Zagreb. Ljepotama Prenja su se opijali na\u0161i: predsjednik Veljko, Ante Kukavica, Matko Ja\u017ei\u0107 i dakako Vukosav. Kako je&nbsp;bilo pro\u010ditajte i pogledajte kroz pero i kameru na\u0161eg tajnika Jo\u0161ka Vukosava. <\/span><\/span><\/p>\n<p><!--more--><\/p>\n<p style=\"text-align: left;\"><span style=\"font-size: 12pt;\"><span style=\"color: #000000;\">&#8230; &#8211; Okupili smo se na Ruji\u0161tu polazi\u0161noj to\u010dci za uspon na Prenj. Ruji\u0161te (oko 1050m\/nv) je prijevoj iznad sela Potoci na magistralnoj cesti Mostar &#8211; Sarajevo oko 10 km od Mostara smje\u0161teno uz rijeku Neretvu. Do\u010dekali su nas domar Anes i vodi\u010d pripadnik GSS-a Elvir koji \u0107e nas pratiti cijelim putem zbog miskih polja ispod Bijelih Voda, i zbog strmog i dijelom snje\u017enog zadnjeg uspona od sedla izme\u0111u Zelene Glave i Oti\u0161a koja su najve\u0107a opasnost ove najlip\u0161e planine u BiH.<\/span><\/span><\/p>\n<p style=\"text-align: left;\"><span style=\"font-size: 12pt;\"><span style=\"color: #000000;\">Do\u0161lo je 20 vihora\u0161a koje je vodio Mihovil Bratani\u0107 i nas 5. Tu su bili Veljko Ujevi\u0107, Ante Kukavica, Matko Ja\u017ei\u0107, Jo\u0161ko Vukosav i na\u0161 novi \u010dlan \u017deljko Stamatovi\u0107 iz Splita.<\/span><\/span><\/p>\n<p style=\"text-align: left;\"><span style=\"font-size: 12pt;\"><span style=\"color: #000000;\">Na Ruji\u0161tu je nekada bio poznati planinarski dom koji je uni\u0161ten u zadnjem ratu, a odmah uz njegove kamene ostatke izgra\u0111en je novi ne\u0161to manji dom za smje\u0161taj 30-ak planinara. &nbsp;Poslije malih i brzih priprema po\u0161li smo prema Bijelim Vodama gdje se na nv 1450m nalazi planinarski dom u izgradnji kojim kao i na Ruji\u0161tu upravlja PSD \u201ePrenj&#8221; iz Mostara. Ruji\u0161te je dosta promijenilo svoj izgled jer sada na njemu ni\u010du vikendice mostaraca, a izgradili su i ski lift i staze za skijanje tako da vikendom vrvi od posjetilaca. U vrijeme na\u0161ega polaska, \u010detvrtak na praznik Tjelova oko 17 sati vrijeme nas nije mazilo i padala je sitna ki\u0161a. Predvi\u0111ena dionica je iziskivala od nas oko 2.5 sata laganog uspona kroz guste i minama na\u010di\u010dkane \u0161ume pa smo prvu dionicu od oko sat vremena koristili uobi\u010dajene \u0161umske puteve koji su sigurni od minsko-eksplozivnih sredstava. No to nije jedini problem jer takvi putevi su u\u017easno blatnjavi pa smo koristili gle\u017enja\u010de koje su nas \u0161titile od blata i mokre trave. Ispod kabanica smo bili mokri od znoja jer smo nosili opremu za dva dana, spavanje i k tome (poneko) cepine i dereze bez kojih nema uspona na Zelenu Glavu s prijevoja pod Oti\u0161em jer zadnjih stotinjak metara je strmo i opasno, naro\u010dito silazak.<\/span><\/span><\/p>\n<p style=\"text-align: left;\"><span style=\"font-size: 12pt;\"><span style=\"color: #000000;\">Na ku\u0107u u izgradnji Bijele Vode sti\u017eemo za dobrih 2.15 sati mokri i blatnjavi. Na sre\u0107u ima ne\u0161to suhih drva pa lo\u017eimo vatru, ali zbog lo\u0161e pe\u0107i gutamo dim, ali ko se dima ne nadimi taj se vatre ne ogrije. Sve u svemu bilo je dobro radi su\u0161enja mokre odje\u0107e za sutra\u0161nji uspon.<\/span><\/span><\/p>\n<p style=\"text-align: left;\"><span style=\"font-size: 12pt;\"><span style=\"color: #000000;\">Iako vrime iste ve\u010deri nije obe\u0107avalo, ujutro je osvanio lijep sun\u010dani dan. Ustali smo oko 6 sati jer u 7 je slijedio uspon. Spavalo se uglavnom po cijelom domu u izgradnji. Ko je imao vi\u0161e sre\u0107e uhvatio je nekakve spu\u017eve, drugi stiropor od izolacije a neki klupe u dnevnoj sobi. Spavali smo kako ko. Uglavnom lo\u0161e zbog uvjeta. Ja osobno mo\u017eda sve skupa dva sata jer sam nosio perjanu vri\u0107u i bilo je vru\u0107e, a ina\u010de lo\u0161e spavam po skupnim le\u017eajevima jer mi smeta hrkanje.<\/span><\/span><\/p>\n<p style=\"text-align: left;\"><span style=\"font-size: 12pt;\"><span style=\"color: #000000;\">Uspon od Bijelih Voda prati ledenja\u010dku dolinu koja se prote\u017ee do pod same najve\u0107e vrhove Prenja Zelenu Glavu i susjedni Oti\u0161 koje dijeli prijevoj 100&#215;50 metara i to na visini oko 2000m. Oti\u0161 je ne\u0161to ni\u017ei od ZG i na njemu na usponu sa ovoga prijevoja nije bilo snijega osim par krpica na grebenu vrha.<\/span><\/span><\/p>\n<p style=\"text-align: left;\"><span style=\"font-size: 12pt;\"><span style=\"color: #000000;\">Uspon od Bijelih Voda do raskri\u017eja puteva prema vrhovima ZG &#8211; Oti\u0161 &nbsp;i ku\u0107e (u izgradnji) na Jezercu &nbsp;trebalo nam je oko 2.5-3 sata. Kako pola ekipe nije imalo zimsku penja\u010dku opremu zadovoljilo se usponom do ovoga kri\u017eanja puteva, a grupa od nas 5 i 10 vihora\u0161a krenila je prema sedlu izme\u0111u samih vrhova. Na sedlu nas je do\u010dekao duboki snijeg i led jer je par dana ranije bilo dosta hladno i promjenjljivo vrime sa snijegom. Tu smo se pripremili za posljednjih storinjak metara uspona koji su zahtjevali dosta pa\u017enje prilikom uspona, a posebno pri silasku.<\/span><\/span><\/p>\n<p style=\"text-align: left;\"><span style=\"font-size: 12pt;\"><span style=\"color: #000000;\">Od nas 5 imo\u0107ana imali smo dva para dereza, i jedan cepin. S obzirom na to, priliku da se popenju i posljednjih 100-injak metara dobili su na\u0161 gost \u017deljko i mladi \u010dlan Matko kojemu je to bilo vatreno kr\u0161tenje sa snijegom i ledom, ali u dru\u0161tvu iskusnih vihora\u0161a Frenkija i Hrvoja i (sada) na\u0161ega \u017deljka nije imao problema, osim moje pomo\u0107i kod vezanja dereza. Zavr\u0161ni uspon je tekao oprezno i polagano pa smo nas trojica ostalih imo\u0107ana puno prije njih popeli na susjednji Oti\u0161 i promatrali uspon ostatka ekipe na vrh ZG. Dobrih pola sata poslije svi su bili na vrhu. Tada smo mi si\u0161li jer se vrime pokvarilo, sve je bilo u oblacima i nije bilo pametno dugo zadr\u017eavanje na vrhu, a oni su ostali na vrhu, slikali i pripremili se za spu\u0161tanje koje \u0107e zahtjevati svu pa\u017enju. Bez obzira na oprez, naiskusniji vihora\u0161 Frenki prilikom spusta odleti je dvadesetak metara u bezdan, ali se ipak cepinom uspio zaustaviti iznad jednog strmog stjenovitog skoka.<\/span><\/span><\/p>\n<p style=\"text-align: left;\"><span style=\"font-size: 12pt;\"><span style=\"color: #000000;\">Slijedio je spust preko sedla do kri\u017eanja puteva na Jezerce i tu smo se kona\u010dno sastali i uputili natrag do Bijelih Voda, a poslije pospremanja ku\u0107e i natrag do Ruji\u0161ta. Tu smo zatekli nekoliko vihora\u0161a koji se jo\u0161 nisu spustili na Ruji\u0161te i zajedno smo se spustili na dom. Kada smo do\u0161li na Ruji\u0161ta ustanovili smo da se jedna \u010dlanica ekipe koja je se vra\u0107ala prije nas nije uspila vratiti do 19 sati i nastala je panika pa je Elvir po\u0161ao natrag u potragu. Da stvar bude jo\u0161 gora po\u010dela je ki\u0161a i smrkavalo se, ali je oko 20 sati se u sumrak ipak uspila vratiti bez problema. Jedan dio puta je proma\u0161ila stazu pa se vra\u0107ala \u0161umskim putem koji je du\u017ei za sat vremena, ali sigurniji jer u okolici nema mina. Cijela ova tura je du\u017einski oko 40 km, a s obzirom da je Hrvoje snimao trag nadamo se i GPS podatcima.<\/span><\/span><\/p>\n<p style=\"text-align: left;\"><span style=\"font-size: 12pt;\"><span style=\"color: #000000;\">Meni ostaje samo pokazati vam par sli\u010dica zabilje\u017eenih Jo\u0161kovim aparatom kao uvod i poziv da pogledate ljepote bo\u017eanskog Prenja<\/span><\/span><\/p>\n<table style=\"text-align: center; width: 75%;\" border=\"2\">\n<tbody>\n<tr>\n<td style=\"text-align: center;\" width=\"25%\"><a href=\"index.php?view=category&amp;catid=29&amp;option=com_joomgallery&amp;Itemid=3\"><img loading=\"lazy\" decoding=\"async\" class=\" size-full wp-image-117\" style=\"margin: 5px; width: 150px; height: 113px;\" title=\"prenj003.jpg\" src=\"https:\/\/hpd-imotski.hr\/naslovnica\/wp-content\/uploads\/2010\/06\/prenj003-386.jpg\" alt=\"prenj003.jpg\" width=\"150\" height=\"113\" align=\"middle\" \/><\/a><\/td>\n<td width=\"25%\"><a href=\"index.php?view=category&amp;catid=29&amp;option=com_joomgallery&amp;Itemid=3\"><img loading=\"lazy\" decoding=\"async\" class=\" size-full wp-image-118\" style=\"margin: 5px auto; width: 150px; height: 113px; display: block;\" title=\"prenj004.jpg\" src=\"https:\/\/hpd-imotski.hr\/naslovnica\/wp-content\/uploads\/2010\/06\/prenj004-8a4.jpg\" alt=\"prenj004.jpg\" width=\"150\" height=\"113\" align=\"top\" \/><\/a><\/td>\n<td style=\"text-align: center;\" width=\"25%\"><a href=\"index.php?view=category&amp;catid=29&amp;option=com_joomgallery&amp;Itemid=3\"><img loading=\"lazy\" decoding=\"async\" class=\" size-full wp-image-119\" style=\"margin: 5px; width: 150px; height: 113px;\" title=\"prenj005.jpg\" src=\"https:\/\/hpd-imotski.hr\/naslovnica\/wp-content\/uploads\/2010\/06\/prenj005-b72.jpg\" alt=\"prenj005.jpg\" width=\"150\" height=\"113\" align=\"top\" \/><\/a><\/td>\n<\/tr>\n<\/tbody>\n<\/table>\n<p align=\"left\"><span style=\"font-size: 12pt;\"><span style=\"color: #000000;\">i podsjetiti se na na\u0161e drage prijatelje&nbsp;s kojima smo hode\u0107i po Prenju proveli ugodne i nezaboravne trenutke. Stoga objavljujemo&nbsp;ovu fotku sa vrha kako bi nas&nbsp; podsije\u0107ala na uvijek drage nam goste iz HPD Vihora. &nbsp;&nbsp;&nbsp;<\/span><\/span><\/p>\n<p style=\"text-align: center;\"><img loading=\"lazy\" decoding=\"async\" class=\" size-full wp-image-120\" style=\"margin: 5px; width: 400px; height: 300px;\" title=\"na vrhu zg.jpg\" src=\"https:\/\/hpd-imotski.hr\/naslovnica\/wp-content\/uploads\/2010\/06\/na-vrhu-zg-bc0.jpg\" alt=\"na vrhu zg.jpg\" width=\"400\" height=\"300\" align=\"middle\" \/><\/p>\n<p align=\"left\"><span style=\"font-size: 12pt;\"><span style=\"color: #000000;\">&nbsp;I na kraju &#8211; hodili njegovim stazama ili to tek namjeravate&nbsp;svakako pogledajte&nbsp;na\u0161u galeriju da se na trenutak vinete iz svakodnevnice&nbsp;ka visinama apsolutne ljepote koja nam se pokazuje na neo\u010dekivanim mjestima&nbsp; i na mnogo na\u010dina a jedan od njih je eto po mom skromnom mi\u0161ljenju kroz bo\u017eanski nam &#8211; <a href=\"index.php?view=category&amp;catid=29&amp;option=com_joomgallery&amp;Itemid=3\">Prenj&nbsp;&nbsp;( pogledaj galeriju! )&nbsp;<\/a>&nbsp;.<\/span><\/span><\/p>\n<p><span style=\"font-size: 12pt;\"><span style=\"color: #000000;\">&nbsp;<\/span><\/span><\/p>\n<p>&nbsp;<\/p>\n","protected":false},"excerpt":{"rendered":"<p>U vikendu koji je za nama bili smo dakako aktivni te smo posjetili bo\u017eanstvene ljepote Prenja.Planinarili smo skupa sa na\u0161im dragim Vihora\u0161ima s kojima smo u nedjelju popili kavicu na trgu i po\u017eeljeli im ugodan povratak u Zagreb. Ljepotama Prenja su se opijali na\u0161i: predsjednik Veljko, Ante Kukavica, Matko Ja\u017ei\u0107 i dakako Vukosav. Kako je&nbsp;bilo [&hellip;]<\/p>\n","protected":false},"author":2,"featured_media":117,"comment_status":"open","ping_status":"open","sticky":false,"template":"","format":"standard","meta":{"ngg_post_thumbnail":0,"footnotes":""},"categories":[13],"tags":[],"class_list":["post-121","post","type-post","status-publish","format-standard","has-post-thumbnail","hentry","category-dogaanja"],"blocksy_meta":[],"_links":{"self":[{"href":"https:\/\/hpd-imotski.hr\/naslovnica\/wp-json\/wp\/v2\/posts\/121","targetHints":{"allow":["GET"]}}],"collection":[{"href":"https:\/\/hpd-imotski.hr\/naslovnica\/wp-json\/wp\/v2\/posts"}],"about":[{"href":"https:\/\/hpd-imotski.hr\/naslovnica\/wp-json\/wp\/v2\/types\/post"}],"author":[{"embeddable":true,"href":"https:\/\/hpd-imotski.hr\/naslovnica\/wp-json\/wp\/v2\/users\/2"}],"replies":[{"embeddable":true,"href":"https:\/\/hpd-imotski.hr\/naslovnica\/wp-json\/wp\/v2\/comments?post=121"}],"version-history":[{"count":0,"href":"https:\/\/hpd-imotski.hr\/naslovnica\/wp-json\/wp\/v2\/posts\/121\/revisions"}],"wp:featuredmedia":[{"embeddable":true,"href":"https:\/\/hpd-imotski.hr\/naslovnica\/wp-json\/wp\/v2\/media\/117"}],"wp:attachment":[{"href":"https:\/\/hpd-imotski.hr\/naslovnica\/wp-json\/wp\/v2\/media?parent=121"}],"wp:term":[{"taxonomy":"category","embeddable":true,"href":"https:\/\/hpd-imotski.hr\/naslovnica\/wp-json\/wp\/v2\/categories?post=121"},{"taxonomy":"post_tag","embeddable":true,"href":"https:\/\/hpd-imotski.hr\/naslovnica\/wp-json\/wp\/v2\/tags?post=121"}],"curies":[{"name":"wp","href":"https:\/\/api.w.org\/{rel}","templated":true}]}}